{"id":883,"date":"2019-05-07T11:06:01","date_gmt":"2019-05-07T09:06:01","guid":{"rendered":"http:\/\/gilpivert.fr\/?p=883"},"modified":"2019-07-06T18:52:10","modified_gmt":"2019-07-06T16:52:10","slug":"domaine-de-boutiguery-entre-quimper-et-benodet","status":"publish","type":"post","link":"https:\/\/www.gilpivert.fr\/index.php\/domaine-de-boutiguery-entre-quimper-et-benodet\/","title":{"rendered":"Jardin de Boutiguery entre Quimper et Benodet"},"content":{"rendered":"\n<p>S\u2019il y a un domaine \u00e0 visiter en cette fin de printemps en Bretagne, c\u2019est bien le Domaine de Boutig\u00e9ry ! Sur les bords de l\u2019Odet, consid\u00e9r\u00e9 par certains comme le plus beau fleuve de France, entre Quimper et B\u00e9nodet, s\u2019\u00e9tirent les 20 hectares du parc \/ p\u00e9pini\u00e8re. <\/p>\n\n\n\n<p>Plant\u00e9 de 40 000 plants de rhododendron, de magnolia,  d\u2019azal\u00e9es et de cam\u00e9lias, le parc est une explosion de couleurs d\u2019avril \u00e0 fin-mai. <\/p>\n\n\n\n<p>Quelques photos de mes visites d\u00e9but avril puis d\u00e9but mai :<\/p>\n\n\n\nngg_shortcode_0_placeholder\n\n\n\n<p>La Boutiguery est un parc qui \u00e9volue perp\u00e9tuellement et qui s\u2019enrichit de 1 000 plants chaque ann\u00e9e. <\/p>\n\n\n\n<p>Notre pr\u00e9c\u00e9dente visite en 2018 nous avait d\u00e9j\u00e0 \u00e9merveill\u00e9s :<\/p>\n\n\n\nngg_shortcode_1_placeholder\n\n\n\n<table class=\"wp-block-table\"><tbody><tr><td> <strong><a rel=\"noreferrer noopener\" href=\"https:\/\/boutiguery.fr\/\" target=\"_blank\">DOMAINE DE BOUTIGUERY<\/a><\/strong> <br> 61 \u2013 63 route de Pors Meillou<br> 29950 Gouesnach<\/td><td><a rel=\"noreferrer noopener\" href=\"https:\/\/www.google.fr\/maps\/place\/Domaine+de+Boutiguery\/@47.9281835,-4.1188793,14.75z\/data=!4m5!3m4!1s0x4810d47fee7ff821:0xa619d12978b4ee05!8m2!3d47.9265852!4d-4.1117624\" target=\"_blank\">Y aller<\/a>  <\/td><\/tr><\/tbody><\/table>\n","protected":false},"excerpt":{"rendered":"<p>S\u2019il y a un domaine \u00e0 visiter en cette fin de printemps en Bretagne, c\u2019est bien le Domaine de Boutig\u00e9ry ! Sur les bords de l\u2019Odet, consid\u00e9r\u00e9 par certains comme le plus beau fleuve de France, entre Quimper et B\u00e9nodet, [&hellip;]<\/p>\n","protected":false},"author":1,"featured_media":675,"comment_status":"open","ping_status":"open","sticky":false,"template":"","format":"standard","meta":{"ngg_post_thumbnail":0,"_jetpack_memberships_contains_paid_content":false,"footnotes":""},"categories":[6],"tags":[],"class_list":["post-883","post","type-post","status-publish","format-standard","has-post-thumbnail","hentry","category-le-blog"],"yoast_head":"<!-- This site is optimized with the Yoast SEO plugin v27.5 - https:\/\/yoast.com\/product\/yoast-seo-wordpress\/ -->\n<title>Jardin de Boutiguery entre Quimper et Benodet - Gil Pivert<\/title>\n<meta name=\"description\" content=\"Galerie photographique de Gil Pivert. Portfolios de ses travaux, book et blog pour \u00e9changer autour de l&#039;image et des voyages.\" \/>\n<meta name=\"robots\" content=\"index, follow, max-snippet:-1, max-image-preview:large, max-video-preview:-1\" \/>\n<link rel=\"canonical\" href=\"https:\/\/www.gilpivert.fr\/index.php\/domaine-de-boutiguery-entre-quimper-et-benodet\/\" \/>\n<meta property=\"og:locale\" content=\"fr_FR\" \/>\n<meta property=\"og:type\" content=\"article\" \/>\n<meta property=\"og:title\" content=\"Jardin de Boutiguery entre Quimper et Benodet - Gil Pivert\" \/>\n<meta property=\"og:description\" content=\"Galerie photographique de Gil Pivert. Portfolios de ses travaux, book et blog pour \u00e9changer autour de l&#039;image et des voyages.\" \/>\n<meta property=\"og:url\" content=\"https:\/\/www.gilpivert.fr\/index.php\/domaine-de-boutiguery-entre-quimper-et-benodet\/\" \/>\n<meta property=\"og:site_name\" content=\"Gil Pivert\" \/>\n<meta property=\"article:published_time\" content=\"2019-05-07T09:06:01+00:00\" \/>\n<meta property=\"article:modified_time\" content=\"2019-07-06T16:52:10+00:00\" \/>\n<meta property=\"og:image\" content=\"https:\/\/i0.wp.com\/www.gilpivert.fr\/wp-content\/uploads\/2019\/04\/Boutiguery-18-1010183.jpg?fit=1280%2C960&ssl=1\" \/>\n\t<meta property=\"og:image:width\" content=\"1280\" \/>\n\t<meta property=\"og:image:height\" content=\"960\" \/>\n\t<meta property=\"og:image:type\" content=\"image\/jpeg\" \/>\n<meta name=\"author\" content=\"Gil\" \/>\n<meta name=\"twitter:card\" content=\"summary_large_image\" \/>\n<meta name=\"twitter:label1\" content=\"\u00c9crit par\" \/>\n\t<meta name=\"twitter:data1\" content=\"Gil\" \/>\n\t<meta name=\"twitter:label2\" content=\"Dur\u00e9e de lecture estim\u00e9e\" \/>\n\t<meta name=\"twitter:data2\" content=\"1 minute\" \/>\n<script type=\"application\/ld+json\" class=\"yoast-schema-graph\">{\"@context\":\"https:\\\/\\\/schema.org\",\"@graph\":[{\"@type\":\"Article\",\"@id\":\"https:\\\/\\\/www.gilpivert.fr\\\/index.php\\\/domaine-de-boutiguery-entre-quimper-et-benodet\\\/#article\",\"isPartOf\":{\"@id\":\"https:\\\/\\\/www.gilpivert.fr\\\/index.php\\\/domaine-de-boutiguery-entre-quimper-et-benodet\\\/\"},\"author\":{\"name\":\"Gil\",\"@id\":\"https:\\\/\\\/www.gilpivert.fr\\\/#\\\/schema\\\/person\\\/a5197faf33e5954381f23d9cd3c00dbe\"},\"headline\":\"Jardin de Boutiguery entre Quimper et Benodet\",\"datePublished\":\"2019-05-07T09:06:01+00:00\",\"dateModified\":\"2019-07-06T16:52:10+00:00\",\"mainEntityOfPage\":{\"@id\":\"https:\\\/\\\/www.gilpivert.fr\\\/index.php\\\/domaine-de-boutiguery-entre-quimper-et-benodet\\\/\"},\"wordCount\":150,\"commentCount\":2,\"publisher\":{\"@id\":\"https:\\\/\\\/www.gilpivert.fr\\\/#organization\"},\"image\":{\"@id\":\"https:\\\/\\\/www.gilpivert.fr\\\/index.php\\\/domaine-de-boutiguery-entre-quimper-et-benodet\\\/#primaryimage\"},\"thumbnailUrl\":\"https:\\\/\\\/i0.wp.com\\\/www.gilpivert.fr\\\/wp-content\\\/uploads\\\/2019\\\/04\\\/Boutiguery-18-1010183.jpg?fit=1280%2C960&ssl=1\",\"articleSection\":[\"Le Blog\"],\"inLanguage\":\"fr-FR\",\"potentialAction\":[{\"@type\":\"CommentAction\",\"name\":\"Comment\",\"target\":[\"https:\\\/\\\/www.gilpivert.fr\\\/index.php\\\/domaine-de-boutiguery-entre-quimper-et-benodet\\\/#respond\"]}]},{\"@type\":\"WebPage\",\"@id\":\"https:\\\/\\\/www.gilpivert.fr\\\/index.php\\\/domaine-de-boutiguery-entre-quimper-et-benodet\\\/\",\"url\":\"https:\\\/\\\/www.gilpivert.fr\\\/index.php\\\/domaine-de-boutiguery-entre-quimper-et-benodet\\\/\",\"name\":\"Jardin de Boutiguery entre Quimper et Benodet - Gil Pivert\",\"isPartOf\":{\"@id\":\"https:\\\/\\\/www.gilpivert.fr\\\/#website\"},\"primaryImageOfPage\":{\"@id\":\"https:\\\/\\\/www.gilpivert.fr\\\/index.php\\\/domaine-de-boutiguery-entre-quimper-et-benodet\\\/#primaryimage\"},\"image\":{\"@id\":\"https:\\\/\\\/www.gilpivert.fr\\\/index.php\\\/domaine-de-boutiguery-entre-quimper-et-benodet\\\/#primaryimage\"},\"thumbnailUrl\":\"https:\\\/\\\/i0.wp.com\\\/www.gilpivert.fr\\\/wp-content\\\/uploads\\\/2019\\\/04\\\/Boutiguery-18-1010183.jpg?fit=1280%2C960&ssl=1\",\"datePublished\":\"2019-05-07T09:06:01+00:00\",\"dateModified\":\"2019-07-06T16:52:10+00:00\",\"description\":\"Galerie photographique de Gil Pivert. Portfolios de ses travaux, book et blog pour \u00e9changer autour de l'image et des voyages.\",\"breadcrumb\":{\"@id\":\"https:\\\/\\\/www.gilpivert.fr\\\/index.php\\\/domaine-de-boutiguery-entre-quimper-et-benodet\\\/#breadcrumb\"},\"inLanguage\":\"fr-FR\",\"potentialAction\":[{\"@type\":\"ReadAction\",\"target\":[\"https:\\\/\\\/www.gilpivert.fr\\\/index.php\\\/domaine-de-boutiguery-entre-quimper-et-benodet\\\/\"]}]},{\"@type\":\"ImageObject\",\"inLanguage\":\"fr-FR\",\"@id\":\"https:\\\/\\\/www.gilpivert.fr\\\/index.php\\\/domaine-de-boutiguery-entre-quimper-et-benodet\\\/#primaryimage\",\"url\":\"https:\\\/\\\/i0.wp.com\\\/www.gilpivert.fr\\\/wp-content\\\/uploads\\\/2019\\\/04\\\/Boutiguery-18-1010183.jpg?fit=1280%2C960&ssl=1\",\"contentUrl\":\"https:\\\/\\\/i0.wp.com\\\/www.gilpivert.fr\\\/wp-content\\\/uploads\\\/2019\\\/04\\\/Boutiguery-18-1010183.jpg?fit=1280%2C960&ssl=1\",\"width\":1280,\"height\":960},{\"@type\":\"BreadcrumbList\",\"@id\":\"https:\\\/\\\/www.gilpivert.fr\\\/index.php\\\/domaine-de-boutiguery-entre-quimper-et-benodet\\\/#breadcrumb\",\"itemListElement\":[{\"@type\":\"ListItem\",\"position\":1,\"name\":\"Accueil\",\"item\":\"https:\\\/\\\/www.gilpivert.fr\\\/\"},{\"@type\":\"ListItem\",\"position\":2,\"name\":\"Jardin de Boutiguery entre Quimper et Benodet\"}]},{\"@type\":\"WebSite\",\"@id\":\"https:\\\/\\\/www.gilpivert.fr\\\/#website\",\"url\":\"https:\\\/\\\/www.gilpivert.fr\\\/\",\"name\":\"Gil Pivert\",\"description\":\"Photos d\u2019art, culture et partage : R\u00eaver les yeux ouverts\",\"publisher\":{\"@id\":\"https:\\\/\\\/www.gilpivert.fr\\\/#organization\"},\"potentialAction\":[{\"@type\":\"SearchAction\",\"target\":{\"@type\":\"EntryPoint\",\"urlTemplate\":\"https:\\\/\\\/www.gilpivert.fr\\\/?s={search_term_string}\"},\"query-input\":{\"@type\":\"PropertyValueSpecification\",\"valueRequired\":true,\"valueName\":\"search_term_string\"}}],\"inLanguage\":\"fr-FR\"},{\"@type\":\"Organization\",\"@id\":\"https:\\\/\\\/www.gilpivert.fr\\\/#organization\",\"name\":\"Gil Pivert\",\"url\":\"https:\\\/\\\/www.gilpivert.fr\\\/\",\"logo\":{\"@type\":\"ImageObject\",\"inLanguage\":\"fr-FR\",\"@id\":\"https:\\\/\\\/www.gilpivert.fr\\\/#\\\/schema\\\/logo\\\/image\\\/\",\"url\":\"https:\\\/\\\/i1.wp.com\\\/www.gilpivert.fr\\\/wp-content\\\/uploads\\\/2019\\\/08\\\/Logo-GP-J400p.png?fit=400%2C187&ssl=1\",\"contentUrl\":\"https:\\\/\\\/i1.wp.com\\\/www.gilpivert.fr\\\/wp-content\\\/uploads\\\/2019\\\/08\\\/Logo-GP-J400p.png?fit=400%2C187&ssl=1\",\"width\":400,\"height\":187,\"caption\":\"Gil Pivert\"},\"image\":{\"@id\":\"https:\\\/\\\/www.gilpivert.fr\\\/#\\\/schema\\\/logo\\\/image\\\/\"},\"sameAs\":[\"http:\\\/\\\/gil.pivert\"]},{\"@type\":\"Person\",\"@id\":\"https:\\\/\\\/www.gilpivert.fr\\\/#\\\/schema\\\/person\\\/a5197faf33e5954381f23d9cd3c00dbe\",\"name\":\"Gil\",\"image\":{\"@type\":\"ImageObject\",\"inLanguage\":\"fr-FR\",\"@id\":\"https:\\\/\\\/secure.gravatar.com\\\/avatar\\\/61d80805d8b255e6483eb57949727c5ec8c68890a8be108a3f0f1fc1e47f8130?s=96&d=retro&r=g\",\"url\":\"https:\\\/\\\/secure.gravatar.com\\\/avatar\\\/61d80805d8b255e6483eb57949727c5ec8c68890a8be108a3f0f1fc1e47f8130?s=96&d=retro&r=g\",\"contentUrl\":\"https:\\\/\\\/secure.gravatar.com\\\/avatar\\\/61d80805d8b255e6483eb57949727c5ec8c68890a8be108a3f0f1fc1e47f8130?s=96&d=retro&r=g\",\"caption\":\"Gil\"},\"sameAs\":[\"https:\\\/\\\/www.gilpivert.fr\\\/\"]}]}<\/script>\n<!-- \/ Yoast SEO plugin. -->","yoast_head_json":{"title":"Jardin de Boutiguery entre Quimper et Benodet - Gil Pivert","description":"Galerie photographique de Gil Pivert. Portfolios de ses travaux, book et blog pour \u00e9changer autour de l'image et des voyages.","robots":{"index":"index","follow":"follow","max-snippet":"max-snippet:-1","max-image-preview":"max-image-preview:large","max-video-preview":"max-video-preview:-1"},"canonical":"https:\/\/www.gilpivert.fr\/index.php\/domaine-de-boutiguery-entre-quimper-et-benodet\/","og_locale":"fr_FR","og_type":"article","og_title":"Jardin de Boutiguery entre Quimper et Benodet - Gil Pivert","og_description":"Galerie photographique de Gil Pivert. Portfolios de ses travaux, book et blog pour \u00e9changer autour de l'image et des voyages.","og_url":"https:\/\/www.gilpivert.fr\/index.php\/domaine-de-boutiguery-entre-quimper-et-benodet\/","og_site_name":"Gil Pivert","article_published_time":"2019-05-07T09:06:01+00:00","article_modified_time":"2019-07-06T16:52:10+00:00","og_image":[{"width":1280,"height":960,"url":"https:\/\/i0.wp.com\/www.gilpivert.fr\/wp-content\/uploads\/2019\/04\/Boutiguery-18-1010183.jpg?fit=1280%2C960&ssl=1","type":"image\/jpeg"}],"author":"Gil","twitter_card":"summary_large_image","twitter_misc":{"\u00c9crit par":"Gil","Dur\u00e9e de lecture estim\u00e9e":"1 minute"},"schema":{"@context":"https:\/\/schema.org","@graph":[{"@type":"Article","@id":"https:\/\/www.gilpivert.fr\/index.php\/domaine-de-boutiguery-entre-quimper-et-benodet\/#article","isPartOf":{"@id":"https:\/\/www.gilpivert.fr\/index.php\/domaine-de-boutiguery-entre-quimper-et-benodet\/"},"author":{"name":"Gil","@id":"https:\/\/www.gilpivert.fr\/#\/schema\/person\/a5197faf33e5954381f23d9cd3c00dbe"},"headline":"Jardin de Boutiguery entre Quimper et Benodet","datePublished":"2019-05-07T09:06:01+00:00","dateModified":"2019-07-06T16:52:10+00:00","mainEntityOfPage":{"@id":"https:\/\/www.gilpivert.fr\/index.php\/domaine-de-boutiguery-entre-quimper-et-benodet\/"},"wordCount":150,"commentCount":2,"publisher":{"@id":"https:\/\/www.gilpivert.fr\/#organization"},"image":{"@id":"https:\/\/www.gilpivert.fr\/index.php\/domaine-de-boutiguery-entre-quimper-et-benodet\/#primaryimage"},"thumbnailUrl":"https:\/\/i0.wp.com\/www.gilpivert.fr\/wp-content\/uploads\/2019\/04\/Boutiguery-18-1010183.jpg?fit=1280%2C960&ssl=1","articleSection":["Le Blog"],"inLanguage":"fr-FR","potentialAction":[{"@type":"CommentAction","name":"Comment","target":["https:\/\/www.gilpivert.fr\/index.php\/domaine-de-boutiguery-entre-quimper-et-benodet\/#respond"]}]},{"@type":"WebPage","@id":"https:\/\/www.gilpivert.fr\/index.php\/domaine-de-boutiguery-entre-quimper-et-benodet\/","url":"https:\/\/www.gilpivert.fr\/index.php\/domaine-de-boutiguery-entre-quimper-et-benodet\/","name":"Jardin de Boutiguery entre Quimper et Benodet - Gil Pivert","isPartOf":{"@id":"https:\/\/www.gilpivert.fr\/#website"},"primaryImageOfPage":{"@id":"https:\/\/www.gilpivert.fr\/index.php\/domaine-de-boutiguery-entre-quimper-et-benodet\/#primaryimage"},"image":{"@id":"https:\/\/www.gilpivert.fr\/index.php\/domaine-de-boutiguery-entre-quimper-et-benodet\/#primaryimage"},"thumbnailUrl":"https:\/\/i0.wp.com\/www.gilpivert.fr\/wp-content\/uploads\/2019\/04\/Boutiguery-18-1010183.jpg?fit=1280%2C960&ssl=1","datePublished":"2019-05-07T09:06:01+00:00","dateModified":"2019-07-06T16:52:10+00:00","description":"Galerie photographique de Gil Pivert. Portfolios de ses travaux, book et blog pour \u00e9changer autour de l'image et des voyages.","breadcrumb":{"@id":"https:\/\/www.gilpivert.fr\/index.php\/domaine-de-boutiguery-entre-quimper-et-benodet\/#breadcrumb"},"inLanguage":"fr-FR","potentialAction":[{"@type":"ReadAction","target":["https:\/\/www.gilpivert.fr\/index.php\/domaine-de-boutiguery-entre-quimper-et-benodet\/"]}]},{"@type":"ImageObject","inLanguage":"fr-FR","@id":"https:\/\/www.gilpivert.fr\/index.php\/domaine-de-boutiguery-entre-quimper-et-benodet\/#primaryimage","url":"https:\/\/i0.wp.com\/www.gilpivert.fr\/wp-content\/uploads\/2019\/04\/Boutiguery-18-1010183.jpg?fit=1280%2C960&ssl=1","contentUrl":"https:\/\/i0.wp.com\/www.gilpivert.fr\/wp-content\/uploads\/2019\/04\/Boutiguery-18-1010183.jpg?fit=1280%2C960&ssl=1","width":1280,"height":960},{"@type":"BreadcrumbList","@id":"https:\/\/www.gilpivert.fr\/index.php\/domaine-de-boutiguery-entre-quimper-et-benodet\/#breadcrumb","itemListElement":[{"@type":"ListItem","position":1,"name":"Accueil","item":"https:\/\/www.gilpivert.fr\/"},{"@type":"ListItem","position":2,"name":"Jardin de Boutiguery entre Quimper et Benodet"}]},{"@type":"WebSite","@id":"https:\/\/www.gilpivert.fr\/#website","url":"https:\/\/www.gilpivert.fr\/","name":"Gil Pivert","description":"Photos d\u2019art, culture et partage : R\u00eaver les yeux ouverts","publisher":{"@id":"https:\/\/www.gilpivert.fr\/#organization"},"potentialAction":[{"@type":"SearchAction","target":{"@type":"EntryPoint","urlTemplate":"https:\/\/www.gilpivert.fr\/?s={search_term_string}"},"query-input":{"@type":"PropertyValueSpecification","valueRequired":true,"valueName":"search_term_string"}}],"inLanguage":"fr-FR"},{"@type":"Organization","@id":"https:\/\/www.gilpivert.fr\/#organization","name":"Gil Pivert","url":"https:\/\/www.gilpivert.fr\/","logo":{"@type":"ImageObject","inLanguage":"fr-FR","@id":"https:\/\/www.gilpivert.fr\/#\/schema\/logo\/image\/","url":"https:\/\/i1.wp.com\/www.gilpivert.fr\/wp-content\/uploads\/2019\/08\/Logo-GP-J400p.png?fit=400%2C187&ssl=1","contentUrl":"https:\/\/i1.wp.com\/www.gilpivert.fr\/wp-content\/uploads\/2019\/08\/Logo-GP-J400p.png?fit=400%2C187&ssl=1","width":400,"height":187,"caption":"Gil Pivert"},"image":{"@id":"https:\/\/www.gilpivert.fr\/#\/schema\/logo\/image\/"},"sameAs":["http:\/\/gil.pivert"]},{"@type":"Person","@id":"https:\/\/www.gilpivert.fr\/#\/schema\/person\/a5197faf33e5954381f23d9cd3c00dbe","name":"Gil","image":{"@type":"ImageObject","inLanguage":"fr-FR","@id":"https:\/\/secure.gravatar.com\/avatar\/61d80805d8b255e6483eb57949727c5ec8c68890a8be108a3f0f1fc1e47f8130?s=96&d=retro&r=g","url":"https:\/\/secure.gravatar.com\/avatar\/61d80805d8b255e6483eb57949727c5ec8c68890a8be108a3f0f1fc1e47f8130?s=96&d=retro&r=g","contentUrl":"https:\/\/secure.gravatar.com\/avatar\/61d80805d8b255e6483eb57949727c5ec8c68890a8be108a3f0f1fc1e47f8130?s=96&d=retro&r=g","caption":"Gil"},"sameAs":["https:\/\/www.gilpivert.fr\/"]}]}},"jetpack_featured_media_url":"https:\/\/i0.wp.com\/www.gilpivert.fr\/wp-content\/uploads\/2019\/04\/Boutiguery-18-1010183.jpg?fit=1280%2C960&ssl=1","jetpack_shortlink":"https:\/\/wp.me\/paTRHF-ef","jetpack_likes_enabled":false,"jetpack_sharing_enabled":true,"_links":{"self":[{"href":"https:\/\/www.gilpivert.fr\/index.php\/wp-json\/wp\/v2\/posts\/883","targetHints":{"allow":["GET"]}}],"collection":[{"href":"https:\/\/www.gilpivert.fr\/index.php\/wp-json\/wp\/v2\/posts"}],"about":[{"href":"https:\/\/www.gilpivert.fr\/index.php\/wp-json\/wp\/v2\/types\/post"}],"author":[{"embeddable":true,"href":"https:\/\/www.gilpivert.fr\/index.php\/wp-json\/wp\/v2\/users\/1"}],"replies":[{"embeddable":true,"href":"https:\/\/www.gilpivert.fr\/index.php\/wp-json\/wp\/v2\/comments?post=883"}],"version-history":[{"count":7,"href":"https:\/\/www.gilpivert.fr\/index.php\/wp-json\/wp\/v2\/posts\/883\/revisions"}],"predecessor-version":[{"id":1626,"href":"https:\/\/www.gilpivert.fr\/index.php\/wp-json\/wp\/v2\/posts\/883\/revisions\/1626"}],"wp:featuredmedia":[{"embeddable":true,"href":"https:\/\/www.gilpivert.fr\/index.php\/wp-json\/wp\/v2\/media\/675"}],"wp:attachment":[{"href":"https:\/\/www.gilpivert.fr\/index.php\/wp-json\/wp\/v2\/media?parent=883"}],"wp:term":[{"taxonomy":"category","embeddable":true,"href":"https:\/\/www.gilpivert.fr\/index.php\/wp-json\/wp\/v2\/categories?post=883"},{"taxonomy":"post_tag","embeddable":true,"href":"https:\/\/www.gilpivert.fr\/index.php\/wp-json\/wp\/v2\/tags?post=883"}],"curies":[{"name":"wp","href":"https:\/\/api.w.org\/{rel}","templated":true}]}}