{"id":2953,"date":"2019-08-29T18:00:52","date_gmt":"2019-08-29T16:00:52","guid":{"rendered":"https:\/\/gilpivert.fr\/?p=2953"},"modified":"2022-09-13T15:34:37","modified_gmt":"2022-09-13T13:34:37","slug":"biennale-dart-de-venise-2019","status":"publish","type":"post","link":"https:\/\/www.gilpivert.fr\/index.php\/biennale-dart-de-venise-2019\/","title":{"rendered":"Biennale d\u2019art de Venise 2019"},"content":{"rendered":"\n<p><\/p>\n\n\n\n<div class=\"wp-block-image\"><figure class=\"alignleft is-resized\"><img loading=\"lazy\" decoding=\"async\" data-attachment-id=\"2968\" data-permalink=\"https:\/\/www.gilpivert.fr\/index.php\/biennale-dart-de-venise-2019\/biennale-19-1050995\/\" data-orig-file=\"https:\/\/i0.wp.com\/www.gilpivert.fr\/wp-content\/uploads\/2019\/08\/Biennale-19-1050995.jpg?fit=1200%2C900&amp;ssl=1\" data-orig-size=\"1200,900\" data-comments-opened=\"1\" data-image-meta=\"{&quot;aperture&quot;:&quot;3.2&quot;,&quot;credit&quot;:&quot;&quot;,&quot;camera&quot;:&quot;DMC-GX8&quot;,&quot;caption&quot;:&quot;&quot;,&quot;created_timestamp&quot;:&quot;1564057328&quot;,&quot;copyright&quot;:&quot;&quot;,&quot;focal_length&quot;:&quot;15&quot;,&quot;iso&quot;:&quot;800&quot;,&quot;shutter_speed&quot;:&quot;0.02&quot;,&quot;title&quot;:&quot;&quot;,&quot;orientation&quot;:&quot;0&quot;}\" data-image-title=\"Biennale-19-1050995\" data-image-description=\"\" data-image-caption=\"\" data-large-file=\"https:\/\/i0.wp.com\/www.gilpivert.fr\/wp-content\/uploads\/2019\/08\/Biennale-19-1050995.jpg?fit=1024%2C768&amp;ssl=1\" src=\"https:\/\/i0.wp.com\/gilpivert.fr\/wp-content\/uploads\/2019\/08\/Biennale-19-1050995.jpg?fit=1024%2C768&amp;ssl=1\" alt=\"\" class=\"wp-image-2968\" width=\"295\" height=\"221\" srcset=\"https:\/\/i0.wp.com\/www.gilpivert.fr\/wp-content\/uploads\/2019\/08\/Biennale-19-1050995.jpg?w=1200&amp;ssl=1 1200w, https:\/\/i0.wp.com\/www.gilpivert.fr\/wp-content\/uploads\/2019\/08\/Biennale-19-1050995.jpg?resize=300%2C225&amp;ssl=1 300w, https:\/\/i0.wp.com\/www.gilpivert.fr\/wp-content\/uploads\/2019\/08\/Biennale-19-1050995.jpg?resize=768%2C576&amp;ssl=1 768w, https:\/\/i0.wp.com\/www.gilpivert.fr\/wp-content\/uploads\/2019\/08\/Biennale-19-1050995.jpg?resize=1024%2C768&amp;ssl=1 1024w, https:\/\/i0.wp.com\/www.gilpivert.fr\/wp-content\/uploads\/2019\/08\/Biennale-19-1050995.jpg?resize=705%2C529&amp;ssl=1 705w, https:\/\/i0.wp.com\/www.gilpivert.fr\/wp-content\/uploads\/2019\/08\/Biennale-19-1050995.jpg?resize=987%2C740&amp;ssl=1 987w\" sizes=\"auto, (max-width: 295px) 100vw, 295px\" \/><\/figure><\/div>\n\n\n\n<p>En juillet dernier, comme tous les deux ans, nous avons fait une incursion \u00e0 la 58<sup>e<\/sup>  biennale d\u2019art contemporain de Venise. Le th\u00e8me de cette ann\u00e9e est&nbsp;:  May you live in interesting times, sous le commissariat de Ralph Rugoff.  Moins m\u00e9diatis\u00e9e semble-t-il, que les ann\u00e9es pr\u00e9c\u00e9dentes, allions nous y  trouver notre bonheur&nbsp;?<\/p>\n\n\n\n<p class=\"has-text-align-center\">&#8211;<\/p>\n\n\n\n<h2 class=\"wp-block-heading\">Hors les murs<\/h2>\n\n\n\n<p>En ville, c\u2019est avec une pens\u00e9e amus\u00e9e pour Jean-Paul Kauffman (dont le tr\u00e8s beau livre <a aria-label=\"Venise \u00e0 double tour  (s\u2019ouvre dans un nouvel onglet)\" rel=\"noreferrer noopener\" href=\"https:\/\/www.lagalerne.com\/livre\/14969273-venise-a-double-tour-jean-paul-kauffmann-equateurs\" target=\"_blank\">Venise \u00e0 double tour<\/a> parut r\u00e9cemment raconte sa qu\u00eate des \u00e9glises ferm\u00e9es) que nous avons trouv\u00e9 les \u00e9glises de la Misericordia et de San Lorenzo ouvertes !&nbsp;La Misericordia ne pr\u00e9sentait pas d\u2019\u0153uvres m\u00e9morables, quant au lieu dans lequel je p\u00e9n\u00e9trai pour la premi\u00e8re fois, il ne pr\u00e9sente de l\u2019int\u00e9r\u00eat que parce qu\u2019il est usuellement ferm\u00e9. Rien d\u2019exceptionnel non plus \u00e0 San Lorenzo du point de vue artistique mais un grand plaisir d\u2019appr\u00e9hender la grandeur \u00e9poustouflante et l\u2019architecture monumentale du b\u00e2timent et accessoirement de voir l\u2019emplacement des fouilles r\u00e9alis\u00e9es dans le but de trouver la tombe de Marco Polo\u2026 Une visite marquante&nbsp;!<\/p>\n\n\n\n<figure class=\"wp-block-image\"><img loading=\"lazy\" decoding=\"async\" width=\"1200\" height=\"900\" data-attachment-id=\"2957\" data-permalink=\"https:\/\/www.gilpivert.fr\/index.php\/biennale-dart-de-venise-2019\/biennale-19-1050881\/\" data-orig-file=\"https:\/\/i0.wp.com\/www.gilpivert.fr\/wp-content\/uploads\/2019\/08\/Biennale-19-1050881.jpg?fit=1200%2C900&amp;ssl=1\" data-orig-size=\"1200,900\" data-comments-opened=\"1\" data-image-meta=\"{&quot;aperture&quot;:&quot;3.2&quot;,&quot;credit&quot;:&quot;&quot;,&quot;camera&quot;:&quot;DMC-GX8&quot;,&quot;caption&quot;:&quot;&quot;,&quot;created_timestamp&quot;:&quot;1563901959&quot;,&quot;copyright&quot;:&quot;&quot;,&quot;focal_length&quot;:&quot;35&quot;,&quot;iso&quot;:&quot;800&quot;,&quot;shutter_speed&quot;:&quot;0.002&quot;,&quot;title&quot;:&quot;&quot;,&quot;orientation&quot;:&quot;0&quot;}\" data-image-title=\"Biennale-19-1050881\" data-image-description=\"\" data-image-caption=\"\" data-large-file=\"https:\/\/i0.wp.com\/www.gilpivert.fr\/wp-content\/uploads\/2019\/08\/Biennale-19-1050881.jpg?fit=1024%2C768&amp;ssl=1\" src=\"https:\/\/i2.wp.com\/gilpivert.fr\/wp-content\/uploads\/2019\/08\/Biennale-19-1050881.jpg?fit=1024%2C768&amp;ssl=1\" alt=\"\" class=\"wp-image-2957\" srcset=\"https:\/\/i0.wp.com\/www.gilpivert.fr\/wp-content\/uploads\/2019\/08\/Biennale-19-1050881.jpg?w=1200&amp;ssl=1 1200w, https:\/\/i0.wp.com\/www.gilpivert.fr\/wp-content\/uploads\/2019\/08\/Biennale-19-1050881.jpg?resize=300%2C225&amp;ssl=1 300w, https:\/\/i0.wp.com\/www.gilpivert.fr\/wp-content\/uploads\/2019\/08\/Biennale-19-1050881.jpg?resize=768%2C576&amp;ssl=1 768w, https:\/\/i0.wp.com\/www.gilpivert.fr\/wp-content\/uploads\/2019\/08\/Biennale-19-1050881.jpg?resize=1024%2C768&amp;ssl=1 1024w, https:\/\/i0.wp.com\/www.gilpivert.fr\/wp-content\/uploads\/2019\/08\/Biennale-19-1050881.jpg?resize=705%2C529&amp;ssl=1 705w, https:\/\/i0.wp.com\/www.gilpivert.fr\/wp-content\/uploads\/2019\/08\/Biennale-19-1050881.jpg?resize=987%2C740&amp;ssl=1 987w\" sizes=\"auto, (max-width: 1000px) 100vw, 1000px\" \/><figcaption>\u00c9glise San Lorenzo<\/figcaption><\/figure>\n\n\n\n<p>A San Giorgio Maggiore, l\u2019artiste <em>Sean Scully<\/em> pr\u00e9sente, dans un discours verbeux (et un peu pr\u00e9tentieux) des piles de parall\u00e9l\u00e9pip\u00e8des de couleurs vives. On est loin de la&nbsp;volute de fum\u00e9e d\u2019<em><a rel=\"noreferrer noopener\" aria-label=\"Amish Kapoor (s\u2019ouvre dans un nouvel onglet)\" href=\"https:\/\/poulpart.wordpress.com\/2011\/10\/05\/anish-kapoor\/\" target=\"_blank\">Amish Kapoor<\/a><\/em> de 2011&nbsp;!<\/p>\n\n\n\n<figure class=\"wp-block-image\"><img loading=\"lazy\" decoding=\"async\" width=\"1200\" height=\"900\" data-attachment-id=\"2956\" data-permalink=\"https:\/\/www.gilpivert.fr\/index.php\/biennale-dart-de-venise-2019\/biennale-19-1050930\/\" data-orig-file=\"https:\/\/i0.wp.com\/www.gilpivert.fr\/wp-content\/uploads\/2019\/08\/Biennale-19-1050930.jpg?fit=1200%2C900&amp;ssl=1\" data-orig-size=\"1200,900\" data-comments-opened=\"1\" data-image-meta=\"{&quot;aperture&quot;:&quot;2&quot;,&quot;credit&quot;:&quot;&quot;,&quot;camera&quot;:&quot;DMC-GX8&quot;,&quot;caption&quot;:&quot;&quot;,&quot;created_timestamp&quot;:&quot;1563977332&quot;,&quot;copyright&quot;:&quot;&quot;,&quot;focal_length&quot;:&quot;15&quot;,&quot;iso&quot;:&quot;100&quot;,&quot;shutter_speed&quot;:&quot;0.033333333333333&quot;,&quot;title&quot;:&quot;&quot;,&quot;orientation&quot;:&quot;0&quot;}\" data-image-title=\"Biennale-19-1050930\" data-image-description=\"\" data-image-caption=\"\" data-large-file=\"https:\/\/i0.wp.com\/www.gilpivert.fr\/wp-content\/uploads\/2019\/08\/Biennale-19-1050930.jpg?fit=1024%2C768&amp;ssl=1\" src=\"https:\/\/i0.wp.com\/gilpivert.fr\/wp-content\/uploads\/2019\/08\/Biennale-19-1050930.jpg?fit=1024%2C768&amp;ssl=1\" alt=\"\" class=\"wp-image-2956\" srcset=\"https:\/\/i0.wp.com\/www.gilpivert.fr\/wp-content\/uploads\/2019\/08\/Biennale-19-1050930.jpg?w=1200&amp;ssl=1 1200w, https:\/\/i0.wp.com\/www.gilpivert.fr\/wp-content\/uploads\/2019\/08\/Biennale-19-1050930.jpg?resize=300%2C225&amp;ssl=1 300w, https:\/\/i0.wp.com\/www.gilpivert.fr\/wp-content\/uploads\/2019\/08\/Biennale-19-1050930.jpg?resize=768%2C576&amp;ssl=1 768w, https:\/\/i0.wp.com\/www.gilpivert.fr\/wp-content\/uploads\/2019\/08\/Biennale-19-1050930.jpg?resize=1024%2C768&amp;ssl=1 1024w, https:\/\/i0.wp.com\/www.gilpivert.fr\/wp-content\/uploads\/2019\/08\/Biennale-19-1050930.jpg?resize=705%2C529&amp;ssl=1 705w, https:\/\/i0.wp.com\/www.gilpivert.fr\/wp-content\/uploads\/2019\/08\/Biennale-19-1050930.jpg?resize=987%2C740&amp;ssl=1 987w\" sizes=\"auto, (max-width: 1000px) 100vw, 1000px\" \/><figcaption>Sean Scully \u00e0 San Gioggio Maggiore<\/figcaption><\/figure>\n\n\n\n<h2 class=\"wp-block-heading\">Aux\nGiardini<strong><\/strong><\/h2>\n\n\n\n<p>A l\u2019entr\u00e9e des Giardini, on retrouve le triptyque des pavillons Hollandais, Espagnol et Belge. Si les deux premiers ne m\u2019ont pas s\u00e9duit, j\u2019ai trouv\u00e9 le pavillon Belge tr\u00e8s int\u00e9ressant avec des automates de <em>Jos de Gruyter<\/em> et <em>Harald Thys<\/em>, racontant des histoires abominables&nbsp;!<\/p>\n\n\n\n<h4 class=\"wp-block-heading\">Le pavillon principal de la Biennale<\/h4>\n\n\n\n<p>L\u2019industrie fascine les artistes et un gigantesque robot mis en sc\u00e8ne derri\u00e8re des parois vitr\u00e9es par les artistes chinois&nbsp; <em>Sun Yuan <\/em>et <em>Peng Yu<\/em>, joue les apprentis sorciers en agitant fr\u00e9n\u00e9tiquement une raclette monumentale afin de contenir une marre de liquide rouge (sang&nbsp;?) dans son p\u00e9rim\u00e8tre.<\/p>\n\n\n\n<figure class=\"wp-block-image\"><img loading=\"lazy\" decoding=\"async\" width=\"1200\" height=\"900\" data-attachment-id=\"2958\" data-permalink=\"https:\/\/www.gilpivert.fr\/index.php\/biennale-dart-de-venise-2019\/biennale-19-1050841\/\" data-orig-file=\"https:\/\/i0.wp.com\/www.gilpivert.fr\/wp-content\/uploads\/2019\/08\/Biennale-19-1050841.jpg?fit=1200%2C900&amp;ssl=1\" data-orig-size=\"1200,900\" data-comments-opened=\"1\" data-image-meta=\"{&quot;aperture&quot;:&quot;9&quot;,&quot;credit&quot;:&quot;&quot;,&quot;camera&quot;:&quot;DMC-GX8&quot;,&quot;caption&quot;:&quot;&quot;,&quot;created_timestamp&quot;:&quot;1563881703&quot;,&quot;copyright&quot;:&quot;&quot;,&quot;focal_length&quot;:&quot;15&quot;,&quot;iso&quot;:&quot;800&quot;,&quot;shutter_speed&quot;:&quot;0.01&quot;,&quot;title&quot;:&quot;&quot;,&quot;orientation&quot;:&quot;0&quot;}\" data-image-title=\"Biennale-19-1050841\" data-image-description=\"\" data-image-caption=\"\" data-large-file=\"https:\/\/i0.wp.com\/www.gilpivert.fr\/wp-content\/uploads\/2019\/08\/Biennale-19-1050841.jpg?fit=1024%2C768&amp;ssl=1\" src=\"https:\/\/i2.wp.com\/gilpivert.fr\/wp-content\/uploads\/2019\/08\/Biennale-19-1050841.jpg?fit=1024%2C768&amp;ssl=1\" alt=\"Portail de Shilpa Gupta\" class=\"wp-image-2958\" srcset=\"https:\/\/i0.wp.com\/www.gilpivert.fr\/wp-content\/uploads\/2019\/08\/Biennale-19-1050841.jpg?w=1200&amp;ssl=1 1200w, https:\/\/i0.wp.com\/www.gilpivert.fr\/wp-content\/uploads\/2019\/08\/Biennale-19-1050841.jpg?resize=300%2C225&amp;ssl=1 300w, https:\/\/i0.wp.com\/www.gilpivert.fr\/wp-content\/uploads\/2019\/08\/Biennale-19-1050841.jpg?resize=768%2C576&amp;ssl=1 768w, https:\/\/i0.wp.com\/www.gilpivert.fr\/wp-content\/uploads\/2019\/08\/Biennale-19-1050841.jpg?resize=1024%2C768&amp;ssl=1 1024w, https:\/\/i0.wp.com\/www.gilpivert.fr\/wp-content\/uploads\/2019\/08\/Biennale-19-1050841.jpg?resize=705%2C529&amp;ssl=1 705w, https:\/\/i0.wp.com\/www.gilpivert.fr\/wp-content\/uploads\/2019\/08\/Biennale-19-1050841.jpg?resize=987%2C740&amp;ssl=1 987w\" sizes=\"auto, (max-width: 1000px) 100vw, 1000px\" \/><figcaption> <em>Shilpa Gupta<\/em><\/figcaption><\/figure>\n\n\n\n<p>Toujours automatis\u00e9, un portail en fer forg\u00e9 de l&rsquo;artiste indienne <em>Shilpa Gupta<\/em> vient frapper un mur en pl\u00e2tre qui se d\u00e9compose sous l\u2019effet des chocs\u2026 je me demande s\u2019ils reconstruisent le mur de temps en temps car tout cela risque de tomber en ruine avant la fin de la biennale&nbsp;!<\/p>\n\n\n\n<p>Dans l\u2019ensemble, beaucoup de vid\u00e9os&nbsp;!<\/p>\n\n\n\n<h4 class=\"wp-block-heading\">Retour dans les Giardini<\/h4>\n\n\n\n<p>Le Pavillon Russe, comme toujours est remarquable. L\u2019\u00e9vocation du si\u00e8cle d\u2019or hollandais par <em>Alexander Sokurov<\/em> et <em>Alexander Shishkin-Hokusai<\/em> est envo\u00fbtante. Les sculptures inspir\u00e9es du Retour du fils prodigue ainsi que les reconstitutions anim\u00e9es rouge et or de tableaux de Rembrandt sont magnifiques. C\u2019est sans doute mon pavillon pr\u00e9f\u00e9r\u00e9&nbsp;!<\/p>\n\n\n\n<figure class=\"wp-block-image\"><img loading=\"lazy\" decoding=\"async\" width=\"1200\" height=\"900\" data-attachment-id=\"2959\" data-permalink=\"https:\/\/www.gilpivert.fr\/index.php\/biennale-dart-de-venise-2019\/biennale-19-1050852\/\" data-orig-file=\"https:\/\/i0.wp.com\/www.gilpivert.fr\/wp-content\/uploads\/2019\/08\/Biennale-19-1050852.jpg?fit=1200%2C900&amp;ssl=1\" data-orig-size=\"1200,900\" data-comments-opened=\"1\" data-image-meta=\"{&quot;aperture&quot;:&quot;2.5&quot;,&quot;credit&quot;:&quot;&quot;,&quot;camera&quot;:&quot;DMC-GX8&quot;,&quot;caption&quot;:&quot;&quot;,&quot;created_timestamp&quot;:&quot;1563886441&quot;,&quot;copyright&quot;:&quot;&quot;,&quot;focal_length&quot;:&quot;15&quot;,&quot;iso&quot;:&quot;800&quot;,&quot;shutter_speed&quot;:&quot;0.04&quot;,&quot;title&quot;:&quot;&quot;,&quot;orientation&quot;:&quot;0&quot;}\" data-image-title=\"Biennale-19-1050852\" data-image-description=\"\" data-image-caption=\"\" data-large-file=\"https:\/\/i0.wp.com\/www.gilpivert.fr\/wp-content\/uploads\/2019\/08\/Biennale-19-1050852.jpg?fit=1024%2C768&amp;ssl=1\" src=\"https:\/\/i1.wp.com\/gilpivert.fr\/wp-content\/uploads\/2019\/08\/Biennale-19-1050852.jpg?fit=1024%2C768&amp;ssl=1\" alt=\"\" class=\"wp-image-2959\" srcset=\"https:\/\/i0.wp.com\/www.gilpivert.fr\/wp-content\/uploads\/2019\/08\/Biennale-19-1050852.jpg?w=1200&amp;ssl=1 1200w, https:\/\/i0.wp.com\/www.gilpivert.fr\/wp-content\/uploads\/2019\/08\/Biennale-19-1050852.jpg?resize=300%2C225&amp;ssl=1 300w, https:\/\/i0.wp.com\/www.gilpivert.fr\/wp-content\/uploads\/2019\/08\/Biennale-19-1050852.jpg?resize=768%2C576&amp;ssl=1 768w, https:\/\/i0.wp.com\/www.gilpivert.fr\/wp-content\/uploads\/2019\/08\/Biennale-19-1050852.jpg?resize=1024%2C768&amp;ssl=1 1024w, https:\/\/i0.wp.com\/www.gilpivert.fr\/wp-content\/uploads\/2019\/08\/Biennale-19-1050852.jpg?resize=705%2C529&amp;ssl=1 705w, https:\/\/i0.wp.com\/www.gilpivert.fr\/wp-content\/uploads\/2019\/08\/Biennale-19-1050852.jpg?resize=987%2C740&amp;ssl=1 987w\" sizes=\"auto, (max-width: 1000px) 100vw, 1000px\" \/><figcaption> <em>Alexander Sokurov<\/em> et <em>Alexander Shishkin-Hokusai<\/em> <\/figcaption><\/figure>\n\n\n\n<figure class=\"wp-block-image\"><img loading=\"lazy\" decoding=\"async\" width=\"1200\" height=\"900\" data-attachment-id=\"2960\" data-permalink=\"https:\/\/www.gilpivert.fr\/index.php\/biennale-dart-de-venise-2019\/biennale-19-1050853\/\" data-orig-file=\"https:\/\/i0.wp.com\/www.gilpivert.fr\/wp-content\/uploads\/2019\/08\/Biennale-19-1050853.jpg?fit=1200%2C900&amp;ssl=1\" data-orig-size=\"1200,900\" data-comments-opened=\"1\" data-image-meta=\"{&quot;aperture&quot;:&quot;2.5&quot;,&quot;credit&quot;:&quot;&quot;,&quot;camera&quot;:&quot;DMC-GX8&quot;,&quot;caption&quot;:&quot;&quot;,&quot;created_timestamp&quot;:&quot;1563886705&quot;,&quot;copyright&quot;:&quot;&quot;,&quot;focal_length&quot;:&quot;15&quot;,&quot;iso&quot;:&quot;800&quot;,&quot;shutter_speed&quot;:&quot;0.16666666666667&quot;,&quot;title&quot;:&quot;&quot;,&quot;orientation&quot;:&quot;0&quot;}\" data-image-title=\"Biennale-19-1050853\" data-image-description=\"\" data-image-caption=\"\" data-large-file=\"https:\/\/i0.wp.com\/www.gilpivert.fr\/wp-content\/uploads\/2019\/08\/Biennale-19-1050853.jpg?fit=1024%2C768&amp;ssl=1\" src=\"https:\/\/i1.wp.com\/gilpivert.fr\/wp-content\/uploads\/2019\/08\/Biennale-19-1050853.jpg?fit=1024%2C768&amp;ssl=1\" alt=\"\" class=\"wp-image-2960\" srcset=\"https:\/\/i0.wp.com\/www.gilpivert.fr\/wp-content\/uploads\/2019\/08\/Biennale-19-1050853.jpg?w=1200&amp;ssl=1 1200w, https:\/\/i0.wp.com\/www.gilpivert.fr\/wp-content\/uploads\/2019\/08\/Biennale-19-1050853.jpg?resize=300%2C225&amp;ssl=1 300w, https:\/\/i0.wp.com\/www.gilpivert.fr\/wp-content\/uploads\/2019\/08\/Biennale-19-1050853.jpg?resize=768%2C576&amp;ssl=1 768w, https:\/\/i0.wp.com\/www.gilpivert.fr\/wp-content\/uploads\/2019\/08\/Biennale-19-1050853.jpg?resize=1024%2C768&amp;ssl=1 1024w, https:\/\/i0.wp.com\/www.gilpivert.fr\/wp-content\/uploads\/2019\/08\/Biennale-19-1050853.jpg?resize=705%2C529&amp;ssl=1 705w, https:\/\/i0.wp.com\/www.gilpivert.fr\/wp-content\/uploads\/2019\/08\/Biennale-19-1050853.jpg?resize=987%2C740&amp;ssl=1 987w\" sizes=\"auto, (max-width: 1000px) 100vw, 1000px\" \/><figcaption> Le retour du fils prodigue &#8211; <em>Alexander Sokurov<\/em> et <em>Alexander Shishkin-Hokusai<\/em> <\/figcaption><\/figure>\n\n\n\n<p class=\"has-text-align-center\">&#8211;<\/p>\n\n\n\n<div class=\"wp-block-image\"><figure class=\"alignleft is-resized\"><img loading=\"lazy\" decoding=\"async\" data-attachment-id=\"2962\" data-permalink=\"https:\/\/www.gilpivert.fr\/index.php\/biennale-dart-de-venise-2019\/biennale-19-1050858\/\" data-orig-file=\"https:\/\/i0.wp.com\/www.gilpivert.fr\/wp-content\/uploads\/2019\/08\/Biennale-19-1050858.jpg?fit=900%2C1200&amp;ssl=1\" data-orig-size=\"900,1200\" data-comments-opened=\"1\" data-image-meta=\"{&quot;aperture&quot;:&quot;1.7&quot;,&quot;credit&quot;:&quot;&quot;,&quot;camera&quot;:&quot;DMC-GX8&quot;,&quot;caption&quot;:&quot;&quot;,&quot;created_timestamp&quot;:&quot;1563887739&quot;,&quot;copyright&quot;:&quot;&quot;,&quot;focal_length&quot;:&quot;15&quot;,&quot;iso&quot;:&quot;800&quot;,&quot;shutter_speed&quot;:&quot;0.01&quot;,&quot;title&quot;:&quot;&quot;,&quot;orientation&quot;:&quot;0&quot;}\" data-image-title=\"Biennale-19-1050858\" data-image-description=\"\" data-image-caption=\"\" data-large-file=\"https:\/\/i0.wp.com\/www.gilpivert.fr\/wp-content\/uploads\/2019\/08\/Biennale-19-1050858.jpg?fit=768%2C1024&amp;ssl=1\" src=\"https:\/\/i0.wp.com\/gilpivert.fr\/wp-content\/uploads\/2019\/08\/Biennale-19-1050858.jpg?fit=768%2C1024&amp;ssl=1\" alt=\"Hiroyuki Hattori\" class=\"wp-image-2962\" width=\"315\" height=\"420\" srcset=\"https:\/\/i0.wp.com\/www.gilpivert.fr\/wp-content\/uploads\/2019\/08\/Biennale-19-1050858.jpg?w=900&amp;ssl=1 900w, https:\/\/i0.wp.com\/www.gilpivert.fr\/wp-content\/uploads\/2019\/08\/Biennale-19-1050858.jpg?resize=225%2C300&amp;ssl=1 225w, https:\/\/i0.wp.com\/www.gilpivert.fr\/wp-content\/uploads\/2019\/08\/Biennale-19-1050858.jpg?resize=768%2C1024&amp;ssl=1 768w, https:\/\/i0.wp.com\/www.gilpivert.fr\/wp-content\/uploads\/2019\/08\/Biennale-19-1050858.jpg?resize=705%2C940&amp;ssl=1 705w\" sizes=\"auto, (max-width: 315px) 100vw, 315px\" \/><figcaption> <em>Hiroyuki Hattori<\/em> <\/figcaption><\/figure><\/div>\n\n\n\n<p>La robotique encore a pris les commandes de clarinettes dans le pavillon  japonais ( <em>Hiroyuki Hattori<\/em> ). Un jeu de doigts m\u00e9caniques produisent une musique abstraite avec l&rsquo;air sorti de l&rsquo;\u00e9norme baudruche centrale faisant le lien entre le niveau bas et haut du  b\u00e2timent. Autour, de beaux clich\u00e9s de \u00ab\u00a0Cosmo-Eggs\u00a0\u00bb. <\/p>\n\n\n\n<p>Un beau film et une installation de <em>Laure Prouvost<\/em> sont pr\u00e9sent\u00e9s dans le pavillon Fran\u00e7ais&nbsp;: \u00ab Vois ce Bleu profond te fondre \u00bb. Intelligent et interrogatif sur&nbsp;notre soci\u00e9t\u00e9. Une sorte de voyage initiatique partant de Nanterre pour arriver \u00e0 la Biennale. La projection a lieu dans une sorte de grotte moelleuse et confortable, o\u00f9 l&rsquo;ambiance est travaill\u00e9e par des \u00e9clairages et o\u00f9 des performances viennent souligner certains passages du film. Les \u00e9l\u00e9ments pr\u00e9sents dans le film sont dispos\u00e9s dans les autres salles et acc\u00e8s du pavillon. Une r\u00e9ussite.<\/p>\n\n\n\n<p>Dans le pavillon autrichien, <em>Renate Bertlmann<\/em> pr\u00e9sente un discours f\u00e9ministe un peu agressif mais graphiquement assez esth\u00e9tique avec des roses rouges en verre perc\u00e9es de pointes ac\u00e9r\u00e9es.<\/p>\n\n\n\n<figure class=\"wp-block-image\"><img data-recalc-dims=\"1\" loading=\"lazy\" decoding=\"async\" width=\"1024\" height=\"768\" data-attachment-id=\"2979\" data-permalink=\"https:\/\/www.gilpivert.fr\/index.php\/biennale-dart-de-venise-2019\/biennale-19-1050865\/\" data-orig-file=\"https:\/\/i0.wp.com\/www.gilpivert.fr\/wp-content\/uploads\/2019\/08\/Biennale-19-1050865.jpg?fit=1200%2C900&amp;ssl=1\" data-orig-size=\"1200,900\" data-comments-opened=\"1\" data-image-meta=\"{&quot;aperture&quot;:&quot;2.8&quot;,&quot;credit&quot;:&quot;&quot;,&quot;camera&quot;:&quot;DMC-GX8&quot;,&quot;caption&quot;:&quot;&quot;,&quot;created_timestamp&quot;:&quot;1563893495&quot;,&quot;copyright&quot;:&quot;&quot;,&quot;focal_length&quot;:&quot;15&quot;,&quot;iso&quot;:&quot;800&quot;,&quot;shutter_speed&quot;:&quot;6.25E-5&quot;,&quot;title&quot;:&quot;&quot;,&quot;orientation&quot;:&quot;0&quot;}\" data-image-title=\"Biennale-19-1050865\" data-image-description=\"\" data-image-caption=\"\" data-large-file=\"https:\/\/i0.wp.com\/www.gilpivert.fr\/wp-content\/uploads\/2019\/08\/Biennale-19-1050865.jpg?fit=1024%2C768&amp;ssl=1\" src=\"https:\/\/i0.wp.com\/gilpivert.fr\/wp-content\/uploads\/2019\/08\/Biennale-19-1050865-1024x768.jpg?resize=1024%2C768&#038;ssl=1\" alt=\"Renate Bertlmann - Pavillon autrichien\" class=\"wp-image-2979\" srcset=\"https:\/\/i0.wp.com\/www.gilpivert.fr\/wp-content\/uploads\/2019\/08\/Biennale-19-1050865.jpg?resize=1024%2C768&amp;ssl=1 1024w, https:\/\/i0.wp.com\/www.gilpivert.fr\/wp-content\/uploads\/2019\/08\/Biennale-19-1050865.jpg?resize=300%2C225&amp;ssl=1 300w, https:\/\/i0.wp.com\/www.gilpivert.fr\/wp-content\/uploads\/2019\/08\/Biennale-19-1050865.jpg?resize=768%2C576&amp;ssl=1 768w, https:\/\/i0.wp.com\/www.gilpivert.fr\/wp-content\/uploads\/2019\/08\/Biennale-19-1050865.jpg?resize=705%2C529&amp;ssl=1 705w, https:\/\/i0.wp.com\/www.gilpivert.fr\/wp-content\/uploads\/2019\/08\/Biennale-19-1050865.jpg?resize=987%2C740&amp;ssl=1 987w, https:\/\/i0.wp.com\/www.gilpivert.fr\/wp-content\/uploads\/2019\/08\/Biennale-19-1050865.jpg?w=1200&amp;ssl=1 1200w\" sizes=\"auto, (max-width: 1000px) 100vw, 1000px\" \/><figcaption> <em>Renate Bertlmann<\/em> <\/figcaption><\/figure>\n\n\n\n<h2 class=\"wp-block-heading\"><strong>A l\u2019Arsenal<\/strong><\/h2>\n\n\n\n<p>Dans la Corderie, nous croisons l\u2019\u0153uvre de l&rsquo;artiste Chinoise Yin Xiuzhen qui pr\u00e9sente un gigantesque passager d&rsquo;avion en position d&rsquo;atterrissage forc\u00e9&nbsp;r\u00e9alis\u00e9 en bout de tissus et de mat\u00e9riaux de r\u00e9cup\u00e9ration. <\/p>\n\n\n\n<p>La Sculpture suisse est repr\u00e9sent\u00e9e par<em> Carol Bove<\/em> qui r\u00e9alise des semi-compressions m\u00e9talliques peintes de couleurs vives. L&rsquo;\u00e9clairage et les jeux de d\u00e9formations nuancent ces couleurs de fa\u00e7on tr\u00e8s esth\u00e9tique.<\/p>\n\n\n\n<div class=\"wp-block-columns has-2-columns is-layout-flex wp-container-core-columns-is-layout-9d6595d7 wp-block-columns-is-layout-flex\">\n<div class=\"wp-block-column is-layout-flow wp-block-column-is-layout-flow\">\n<figure class=\"wp-block-image\"><img data-recalc-dims=\"1\" loading=\"lazy\" decoding=\"async\" width=\"768\" height=\"1024\" data-attachment-id=\"2973\" data-permalink=\"https:\/\/www.gilpivert.fr\/index.php\/biennale-dart-de-venise-2019\/biennale-19-1050986\/\" data-orig-file=\"https:\/\/i0.wp.com\/www.gilpivert.fr\/wp-content\/uploads\/2019\/08\/Biennale-19-1050986.jpg?fit=900%2C1200&amp;ssl=1\" data-orig-size=\"900,1200\" data-comments-opened=\"1\" data-image-meta=\"{&quot;aperture&quot;:&quot;1.7&quot;,&quot;credit&quot;:&quot;&quot;,&quot;camera&quot;:&quot;DMC-GX8&quot;,&quot;caption&quot;:&quot;&quot;,&quot;created_timestamp&quot;:&quot;1564051614&quot;,&quot;copyright&quot;:&quot;&quot;,&quot;focal_length&quot;:&quot;15&quot;,&quot;iso&quot;:&quot;250&quot;,&quot;shutter_speed&quot;:&quot;0.016666666666667&quot;,&quot;title&quot;:&quot;&quot;,&quot;orientation&quot;:&quot;0&quot;}\" data-image-title=\"Biennale-19-1050986\" data-image-description=\"\" data-image-caption=\"\" data-large-file=\"https:\/\/i0.wp.com\/www.gilpivert.fr\/wp-content\/uploads\/2019\/08\/Biennale-19-1050986.jpg?fit=768%2C1024&amp;ssl=1\" src=\"https:\/\/i0.wp.com\/gilpivert.fr\/wp-content\/uploads\/2019\/08\/Biennale-19-1050986-768x1024.jpg?resize=768%2C1024&#038;ssl=1\" alt=\"\" class=\"wp-image-2973\" srcset=\"https:\/\/i0.wp.com\/www.gilpivert.fr\/wp-content\/uploads\/2019\/08\/Biennale-19-1050986.jpg?resize=768%2C1024&amp;ssl=1 768w, https:\/\/i0.wp.com\/www.gilpivert.fr\/wp-content\/uploads\/2019\/08\/Biennale-19-1050986.jpg?resize=225%2C300&amp;ssl=1 225w, https:\/\/i0.wp.com\/www.gilpivert.fr\/wp-content\/uploads\/2019\/08\/Biennale-19-1050986.jpg?resize=705%2C940&amp;ssl=1 705w, https:\/\/i0.wp.com\/www.gilpivert.fr\/wp-content\/uploads\/2019\/08\/Biennale-19-1050986.jpg?w=900&amp;ssl=1 900w\" sizes=\"auto, (max-width: 768px) 100vw, 768px\" \/><figcaption> Yin Xiuzhen <\/figcaption><\/figure>\n<\/div>\n\n\n\n<div class=\"wp-block-column is-layout-flow wp-block-column-is-layout-flow\">\n<figure class=\"wp-block-image\"><img data-recalc-dims=\"1\" loading=\"lazy\" decoding=\"async\" width=\"768\" height=\"1024\" data-attachment-id=\"2963\" data-permalink=\"https:\/\/www.gilpivert.fr\/index.php\/biennale-dart-de-venise-2019\/biennale-19-1050987\/\" data-orig-file=\"https:\/\/i0.wp.com\/www.gilpivert.fr\/wp-content\/uploads\/2019\/08\/Biennale-19-1050987.jpg?fit=900%2C1200&amp;ssl=1\" data-orig-size=\"900,1200\" data-comments-opened=\"1\" data-image-meta=\"{&quot;aperture&quot;:&quot;1.7&quot;,&quot;credit&quot;:&quot;&quot;,&quot;camera&quot;:&quot;DMC-GX8&quot;,&quot;caption&quot;:&quot;&quot;,&quot;created_timestamp&quot;:&quot;1564052253&quot;,&quot;copyright&quot;:&quot;&quot;,&quot;focal_length&quot;:&quot;15&quot;,&quot;iso&quot;:&quot;200&quot;,&quot;shutter_speed&quot;:&quot;0.01&quot;,&quot;title&quot;:&quot;&quot;,&quot;orientation&quot;:&quot;0&quot;}\" data-image-title=\"Biennale-19-1050987\" data-image-description=\"\" data-image-caption=\"\" data-large-file=\"https:\/\/i0.wp.com\/www.gilpivert.fr\/wp-content\/uploads\/2019\/08\/Biennale-19-1050987.jpg?fit=768%2C1024&amp;ssl=1\" src=\"https:\/\/i0.wp.com\/gilpivert.fr\/wp-content\/uploads\/2019\/08\/Biennale-19-1050987-768x1024.jpg?resize=768%2C1024&#038;ssl=1\" alt=\"\" class=\"wp-image-2963\" srcset=\"https:\/\/i0.wp.com\/www.gilpivert.fr\/wp-content\/uploads\/2019\/08\/Biennale-19-1050987.jpg?resize=768%2C1024&amp;ssl=1 768w, https:\/\/i0.wp.com\/www.gilpivert.fr\/wp-content\/uploads\/2019\/08\/Biennale-19-1050987.jpg?resize=225%2C300&amp;ssl=1 225w, https:\/\/i0.wp.com\/www.gilpivert.fr\/wp-content\/uploads\/2019\/08\/Biennale-19-1050987.jpg?resize=705%2C940&amp;ssl=1 705w, https:\/\/i0.wp.com\/www.gilpivert.fr\/wp-content\/uploads\/2019\/08\/Biennale-19-1050987.jpg?w=900&amp;ssl=1 900w\" sizes=\"auto, (max-width: 768px) 100vw, 768px\" \/><figcaption> <em>Carol Bove<\/em> <\/figcaption><\/figure>\n<\/div>\n<\/div>\n\n\n\n<p>Liu Wei, pr\u00e9sente Microworld<strong> <\/strong>un amalgame de formes en aluminium bross\u00e9 formant un tableau tr\u00e8s r\u00e9ussi tandis qu&rsquo;une grande installation sign\u00e9e <em>Danh Vo<\/em> \u00e9voque un tableau de <em>Giorgio de Chirico<\/em>.<\/p>\n\n\n\n<div class=\"wp-block-columns has-2-columns is-layout-flex wp-container-core-columns-is-layout-9d6595d7 wp-block-columns-is-layout-flex\">\n<div class=\"wp-block-column is-layout-flow wp-block-column-is-layout-flow\">\n<figure class=\"wp-block-image\"><img data-recalc-dims=\"1\" loading=\"lazy\" decoding=\"async\" width=\"1024\" height=\"768\" data-attachment-id=\"2977\" data-permalink=\"https:\/\/www.gilpivert.fr\/index.php\/biennale-dart-de-venise-2019\/biennale-19-1050993-1\/\" data-orig-file=\"https:\/\/i0.wp.com\/www.gilpivert.fr\/wp-content\/uploads\/2019\/08\/Biennale-19-1050993-1.jpg?fit=1200%2C900&amp;ssl=1\" data-orig-size=\"1200,900\" data-comments-opened=\"1\" data-image-meta=\"{&quot;aperture&quot;:&quot;3.5&quot;,&quot;credit&quot;:&quot;&quot;,&quot;camera&quot;:&quot;DMC-GX8&quot;,&quot;caption&quot;:&quot;&quot;,&quot;created_timestamp&quot;:&quot;1564055574&quot;,&quot;copyright&quot;:&quot;&quot;,&quot;focal_length&quot;:&quot;15&quot;,&quot;iso&quot;:&quot;320&quot;,&quot;shutter_speed&quot;:&quot;0.016666666666667&quot;,&quot;title&quot;:&quot;&quot;,&quot;orientation&quot;:&quot;0&quot;}\" data-image-title=\"Biennale-19-1050993-1\" data-image-description=\"\" data-image-caption=\"\" data-large-file=\"https:\/\/i0.wp.com\/www.gilpivert.fr\/wp-content\/uploads\/2019\/08\/Biennale-19-1050993-1.jpg?fit=1024%2C768&amp;ssl=1\" src=\"https:\/\/i0.wp.com\/gilpivert.fr\/wp-content\/uploads\/2019\/08\/Biennale-19-1050993-1-1024x768.jpg?resize=1024%2C768&#038;ssl=1\" alt=\"\" class=\"wp-image-2977\" srcset=\"https:\/\/i0.wp.com\/www.gilpivert.fr\/wp-content\/uploads\/2019\/08\/Biennale-19-1050993-1.jpg?resize=1024%2C768&amp;ssl=1 1024w, https:\/\/i0.wp.com\/www.gilpivert.fr\/wp-content\/uploads\/2019\/08\/Biennale-19-1050993-1.jpg?resize=300%2C225&amp;ssl=1 300w, https:\/\/i0.wp.com\/www.gilpivert.fr\/wp-content\/uploads\/2019\/08\/Biennale-19-1050993-1.jpg?resize=768%2C576&amp;ssl=1 768w, https:\/\/i0.wp.com\/www.gilpivert.fr\/wp-content\/uploads\/2019\/08\/Biennale-19-1050993-1.jpg?resize=705%2C529&amp;ssl=1 705w, https:\/\/i0.wp.com\/www.gilpivert.fr\/wp-content\/uploads\/2019\/08\/Biennale-19-1050993-1.jpg?resize=987%2C740&amp;ssl=1 987w, https:\/\/i0.wp.com\/www.gilpivert.fr\/wp-content\/uploads\/2019\/08\/Biennale-19-1050993-1.jpg?w=1200&amp;ssl=1 1200w\" sizes=\"auto, (max-width: 1000px) 100vw, 1000px\" \/><figcaption> Liu Wei <\/figcaption><\/figure>\n<\/div>\n\n\n\n<div class=\"wp-block-column is-layout-flow wp-block-column-is-layout-flow\">\n<figure class=\"wp-block-image\"><img data-recalc-dims=\"1\" loading=\"lazy\" decoding=\"async\" width=\"1024\" height=\"768\" data-attachment-id=\"2978\" data-permalink=\"https:\/\/www.gilpivert.fr\/index.php\/biennale-dart-de-venise-2019\/biennale-19-1050990\/\" data-orig-file=\"https:\/\/i0.wp.com\/www.gilpivert.fr\/wp-content\/uploads\/2019\/08\/Biennale-19-1050990.jpg?fit=1200%2C900&amp;ssl=1\" data-orig-size=\"1200,900\" data-comments-opened=\"1\" data-image-meta=\"{&quot;aperture&quot;:&quot;1.7&quot;,&quot;credit&quot;:&quot;&quot;,&quot;camera&quot;:&quot;DMC-GX8&quot;,&quot;caption&quot;:&quot;&quot;,&quot;created_timestamp&quot;:&quot;1564055177&quot;,&quot;copyright&quot;:&quot;&quot;,&quot;focal_length&quot;:&quot;15&quot;,&quot;iso&quot;:&quot;200&quot;,&quot;shutter_speed&quot;:&quot;0.01&quot;,&quot;title&quot;:&quot;&quot;,&quot;orientation&quot;:&quot;0&quot;}\" data-image-title=\"Biennale-19-1050990\" data-image-description=\"\" data-image-caption=\"\" data-large-file=\"https:\/\/i0.wp.com\/www.gilpivert.fr\/wp-content\/uploads\/2019\/08\/Biennale-19-1050990.jpg?fit=1024%2C768&amp;ssl=1\" src=\"https:\/\/i0.wp.com\/gilpivert.fr\/wp-content\/uploads\/2019\/08\/Biennale-19-1050990-1024x768.jpg?resize=1024%2C768&#038;ssl=1\" alt=\"\" class=\"wp-image-2978\" srcset=\"https:\/\/i0.wp.com\/www.gilpivert.fr\/wp-content\/uploads\/2019\/08\/Biennale-19-1050990.jpg?resize=1024%2C768&amp;ssl=1 1024w, https:\/\/i0.wp.com\/www.gilpivert.fr\/wp-content\/uploads\/2019\/08\/Biennale-19-1050990.jpg?resize=300%2C225&amp;ssl=1 300w, https:\/\/i0.wp.com\/www.gilpivert.fr\/wp-content\/uploads\/2019\/08\/Biennale-19-1050990.jpg?resize=768%2C576&amp;ssl=1 768w, https:\/\/i0.wp.com\/www.gilpivert.fr\/wp-content\/uploads\/2019\/08\/Biennale-19-1050990.jpg?resize=705%2C529&amp;ssl=1 705w, https:\/\/i0.wp.com\/www.gilpivert.fr\/wp-content\/uploads\/2019\/08\/Biennale-19-1050990.jpg?resize=987%2C740&amp;ssl=1 987w, https:\/\/i0.wp.com\/www.gilpivert.fr\/wp-content\/uploads\/2019\/08\/Biennale-19-1050990.jpg?w=1200&amp;ssl=1 1200w\" sizes=\"auto, (max-width: 1000px) 100vw, 1000px\" \/><figcaption> <em>Danh Vo<\/em> <\/figcaption><\/figure>\n<\/div>\n<\/div>\n\n\n\n<p> La chine, d\u00e9cid\u00e9ment tr\u00e8s pr\u00e9sente fait montre de sa technologie avec une forme de reconnaissance faciale qui attribue des fonctions aux visiteurs passant devant la cam\u00e9ra. Cela peut faire sourire&#8230; avant d\u2019inqui\u00e9ter.<\/p>\n\n\n\n<figure class=\"wp-block-image\"><img loading=\"lazy\" decoding=\"async\" width=\"1200\" height=\"900\" data-attachment-id=\"2965\" data-permalink=\"https:\/\/www.gilpivert.fr\/index.php\/biennale-dart-de-venise-2019\/biennale-19-1060006\/\" data-orig-file=\"https:\/\/i0.wp.com\/www.gilpivert.fr\/wp-content\/uploads\/2019\/08\/Biennale-19-1060006.jpg?fit=1200%2C900&amp;ssl=1\" data-orig-size=\"1200,900\" data-comments-opened=\"1\" data-image-meta=\"{&quot;aperture&quot;:&quot;2.5&quot;,&quot;credit&quot;:&quot;&quot;,&quot;camera&quot;:&quot;DMC-GX8&quot;,&quot;caption&quot;:&quot;&quot;,&quot;created_timestamp&quot;:&quot;1564067986&quot;,&quot;copyright&quot;:&quot;&quot;,&quot;focal_length&quot;:&quot;15&quot;,&quot;iso&quot;:&quot;320&quot;,&quot;shutter_speed&quot;:&quot;0.016666666666667&quot;,&quot;title&quot;:&quot;&quot;,&quot;orientation&quot;:&quot;0&quot;}\" data-image-title=\"Biennale-19-1060006\" data-image-description=\"\" data-image-caption=\"\" data-large-file=\"https:\/\/i0.wp.com\/www.gilpivert.fr\/wp-content\/uploads\/2019\/08\/Biennale-19-1060006.jpg?fit=1024%2C768&amp;ssl=1\" src=\"https:\/\/i2.wp.com\/gilpivert.fr\/wp-content\/uploads\/2019\/08\/Biennale-19-1060006.jpg?fit=1024%2C768&amp;ssl=1\" alt=\"\" class=\"wp-image-2965\" srcset=\"https:\/\/i0.wp.com\/www.gilpivert.fr\/wp-content\/uploads\/2019\/08\/Biennale-19-1060006.jpg?w=1200&amp;ssl=1 1200w, https:\/\/i0.wp.com\/www.gilpivert.fr\/wp-content\/uploads\/2019\/08\/Biennale-19-1060006.jpg?resize=300%2C225&amp;ssl=1 300w, https:\/\/i0.wp.com\/www.gilpivert.fr\/wp-content\/uploads\/2019\/08\/Biennale-19-1060006.jpg?resize=768%2C576&amp;ssl=1 768w, https:\/\/i0.wp.com\/www.gilpivert.fr\/wp-content\/uploads\/2019\/08\/Biennale-19-1060006.jpg?resize=1024%2C768&amp;ssl=1 1024w, https:\/\/i0.wp.com\/www.gilpivert.fr\/wp-content\/uploads\/2019\/08\/Biennale-19-1060006.jpg?resize=705%2C529&amp;ssl=1 705w, https:\/\/i0.wp.com\/www.gilpivert.fr\/wp-content\/uploads\/2019\/08\/Biennale-19-1060006.jpg?resize=987%2C740&amp;ssl=1 987w\" sizes=\"auto, (max-width: 1000px) 100vw, 1000px\" \/><\/figure>\n\n\n\n<p>Le parcours se termine de l\u2019autre c\u00f4t\u00e9 du bassin int\u00e9rieur de l\u2019Arsenal. Une s\u00e9rie monumentale de six bras se rejoignant au-dessus de la cale s\u00e8che des anciens chantiers naval est sign\u00e9e <em>Lorenzo Quinn<\/em>. Le blanc des mains se d\u00e9tache particuli\u00e8rement bien du ciel bleu \u00e9lectrique de la fin de journ\u00e9e donnant un r\u00e9sultat particuli\u00e8rement photog\u00e9nique.<\/p>\n\n\n\n<figure class=\"wp-block-image\"><img loading=\"lazy\" decoding=\"async\" width=\"1200\" height=\"900\" data-attachment-id=\"2966\" data-permalink=\"https:\/\/www.gilpivert.fr\/index.php\/biennale-dart-de-venise-2019\/biennale-19-1060031\/\" data-orig-file=\"https:\/\/i0.wp.com\/www.gilpivert.fr\/wp-content\/uploads\/2019\/08\/Biennale-19-1060031.jpg?fit=1200%2C900&amp;ssl=1\" data-orig-size=\"1200,900\" data-comments-opened=\"1\" data-image-meta=\"{&quot;aperture&quot;:&quot;6.3&quot;,&quot;credit&quot;:&quot;&quot;,&quot;camera&quot;:&quot;DMC-GX8&quot;,&quot;caption&quot;:&quot;&quot;,&quot;created_timestamp&quot;:&quot;1564071847&quot;,&quot;copyright&quot;:&quot;&quot;,&quot;focal_length&quot;:&quot;15&quot;,&quot;iso&quot;:&quot;200&quot;,&quot;shutter_speed&quot;:&quot;0.000625&quot;,&quot;title&quot;:&quot;&quot;,&quot;orientation&quot;:&quot;0&quot;}\" data-image-title=\"Biennale-19-1060031\" data-image-description=\"\" data-image-caption=\"\" data-large-file=\"https:\/\/i0.wp.com\/www.gilpivert.fr\/wp-content\/uploads\/2019\/08\/Biennale-19-1060031.jpg?fit=1024%2C768&amp;ssl=1\" src=\"https:\/\/i1.wp.com\/gilpivert.fr\/wp-content\/uploads\/2019\/08\/Biennale-19-1060031.jpg?fit=1024%2C768&amp;ssl=1\" alt=\"Building Bridges par Lorenzo Quinn \" class=\"wp-image-2966\" srcset=\"https:\/\/i0.wp.com\/www.gilpivert.fr\/wp-content\/uploads\/2019\/08\/Biennale-19-1060031.jpg?w=1200&amp;ssl=1 1200w, https:\/\/i0.wp.com\/www.gilpivert.fr\/wp-content\/uploads\/2019\/08\/Biennale-19-1060031.jpg?resize=300%2C225&amp;ssl=1 300w, https:\/\/i0.wp.com\/www.gilpivert.fr\/wp-content\/uploads\/2019\/08\/Biennale-19-1060031.jpg?resize=768%2C576&amp;ssl=1 768w, https:\/\/i0.wp.com\/www.gilpivert.fr\/wp-content\/uploads\/2019\/08\/Biennale-19-1060031.jpg?resize=1024%2C768&amp;ssl=1 1024w, https:\/\/i0.wp.com\/www.gilpivert.fr\/wp-content\/uploads\/2019\/08\/Biennale-19-1060031.jpg?resize=705%2C529&amp;ssl=1 705w, https:\/\/i0.wp.com\/www.gilpivert.fr\/wp-content\/uploads\/2019\/08\/Biennale-19-1060031.jpg?resize=987%2C740&amp;ssl=1 987w\" sizes=\"auto, (max-width: 1000px) 100vw, 1000px\" \/><figcaption>6 bras gigantesques sur fond d&rsquo;arsenal<\/figcaption><\/figure>\n\n\n\n<figure class=\"wp-block-image\"><img loading=\"lazy\" decoding=\"async\" width=\"1200\" height=\"900\" data-attachment-id=\"2967\" data-permalink=\"https:\/\/www.gilpivert.fr\/index.php\/biennale-dart-de-venise-2019\/biennale-19-1060028\/\" data-orig-file=\"https:\/\/i0.wp.com\/www.gilpivert.fr\/wp-content\/uploads\/2019\/08\/Biennale-19-1060028.jpg?fit=1200%2C900&amp;ssl=1\" data-orig-size=\"1200,900\" data-comments-opened=\"1\" data-image-meta=\"{&quot;aperture&quot;:&quot;6.3&quot;,&quot;credit&quot;:&quot;&quot;,&quot;camera&quot;:&quot;DMC-GX8&quot;,&quot;caption&quot;:&quot;&quot;,&quot;created_timestamp&quot;:&quot;1564071693&quot;,&quot;copyright&quot;:&quot;&quot;,&quot;focal_length&quot;:&quot;15&quot;,&quot;iso&quot;:&quot;200&quot;,&quot;shutter_speed&quot;:&quot;0.0003125&quot;,&quot;title&quot;:&quot;&quot;,&quot;orientation&quot;:&quot;0&quot;}\" data-image-title=\"Biennale-19-1060028\" data-image-description=\"\" data-image-caption=\"\" data-large-file=\"https:\/\/i0.wp.com\/www.gilpivert.fr\/wp-content\/uploads\/2019\/08\/Biennale-19-1060028.jpg?fit=1024%2C768&amp;ssl=1\" src=\"https:\/\/i1.wp.com\/gilpivert.fr\/wp-content\/uploads\/2019\/08\/Biennale-19-1060028.jpg?fit=1024%2C768&amp;ssl=1\" alt=\"Building Bridges par Lorenzo Quinn \" class=\"wp-image-2967\" srcset=\"https:\/\/i0.wp.com\/www.gilpivert.fr\/wp-content\/uploads\/2019\/08\/Biennale-19-1060028.jpg?w=1200&amp;ssl=1 1200w, https:\/\/i0.wp.com\/www.gilpivert.fr\/wp-content\/uploads\/2019\/08\/Biennale-19-1060028.jpg?resize=300%2C225&amp;ssl=1 300w, https:\/\/i0.wp.com\/www.gilpivert.fr\/wp-content\/uploads\/2019\/08\/Biennale-19-1060028.jpg?resize=768%2C576&amp;ssl=1 768w, https:\/\/i0.wp.com\/www.gilpivert.fr\/wp-content\/uploads\/2019\/08\/Biennale-19-1060028.jpg?resize=1024%2C768&amp;ssl=1 1024w, https:\/\/i0.wp.com\/www.gilpivert.fr\/wp-content\/uploads\/2019\/08\/Biennale-19-1060028.jpg?resize=705%2C529&amp;ssl=1 705w, https:\/\/i0.wp.com\/www.gilpivert.fr\/wp-content\/uploads\/2019\/08\/Biennale-19-1060028.jpg?resize=987%2C740&amp;ssl=1 987w\" sizes=\"auto, (max-width: 1000px) 100vw, 1000px\" \/><figcaption> <em>Lorenzo Quinn<\/em> <\/figcaption><\/figure>\n\n\n\n<p>Cette session 2019 de la biennale d\u2019art contemporain de Venise s\u2019est r\u00e9v\u00e9l\u00e9e int\u00e9ressante quoique, d&rsquo;apr\u00e8s moi, l\u00e9g\u00e8rement en retrait par rapport \u00e0 certaines autres \u00e9ditions (pas 2017 mais 2015). Les artistes pr\u00e9sentent une vision tr\u00e8s sombre de notre soci\u00e9t\u00e9. Cela reste toutefois un moment de rencontre incontournable avec l\u2019art contemporain avec tout ce que cela implique de moments merveilleux et de \u00ab&nbsp;foutages de gueule&nbsp;\u00bb (car je pense qu&rsquo;il y en a aussi). <strong>La biennale d\u2019art contemporain de Venise fermera ses portes le 24 novembre 2019<\/strong>.<\/p>\n\n\n\n<p>Et puisque nous sommes \u00e0 Venise je vous invite \u00e0 aller voir <a href=\"https:\/\/www.gilpivert.fr\/index.php\/portfolios\/lestro-armonico-op\/\">cet album photos<\/a> et je vous confie ces quelques adresses :<\/p>\n\n\n\n<table width=\"100%\">\n<tbody>\n<tr>\n<td width=\"15%\">Bar<\/td>\n<td width=\"20%\">Al Prosecco<\/td>\n<td width=\"25%\">Sestiere Santa Croce<\/td>\n<td width=\"405%\">&nbsp;<\/td>\n<\/tr>\n<tr>\n<td>Glaces<\/td>\n<td>Nico<\/td>\n<td>Fondamenta Zattere al Ponte Longo<\/td>\n<td>Un Giandotto en terrasse : divin !<\/td>\n<\/tr>\n<tr>\n<td>Glaces<\/td>\n<td>Il Pinguino<\/td>\n<td>2141 Castello, Venezia, VE 30122, 30122<\/td>\n<td>Glace artisanale de bonne qualit\u00e9 dans le quartier de l&rsquo;Arsenal<\/td>\n<\/tr>\n<tr>\n<td>Glaces<\/td>\n<td>Bacaro del Gelato<\/td>\n<td>Fondamenta Misericordia, 2499 Cannaregio<\/td>\n<td>Petit artisant magique. essayez le chocolat noir !<\/td>\n<\/tr>\n<tr>\n<td>Restaurant<\/td>\n<td>Alla Bifora<\/td>\n<td>Santa Croce 86, 30135&nbsp;<\/td>\n<td>Une cuisine v\u00e9nitienne sympathique, un accueil d\u00e9licieux, des vins abordables : notre 1er soir\u00e9e \u00e0 Venise c&rsquo;est toujours l\u00e0 !<\/td>\n<\/tr>\n<tr>\n<td>Restaurant<\/td>\n<td>Pizzeria Ae Oche<\/td>\n<td>Calle Frati Dorsoduro, 1414,&nbsp;<\/td>\n<td>Un incontournable \u00e9galement : on arrive \u00e0 Venise = une pizza sur les Zattere<\/td>\n<\/tr>\n<tr>\n<td>Restaurant<\/td>\n<td>La Palanca<\/td>\n<td>Sestiere Giudecca, 448, 30133<\/td>\n<td>Un des meileurs spritz de Venise et une tr\u00e8s belle table \u00e9galement<\/td>\n<\/tr>\n<\/tbody>\n<\/table>\n\n\n<div class=\"map_shortcode_wrapper\" id=\"map17776008771396751915\" style=\"width:600px;height:400px\"><div class=\"map-marker\" data-title=\"Bacaro del gellato\" data-latlng=\"45.4440977,12.3324565\" ><div class=\"map-infowindow\">Bacaro del gellato<\/div><\/div><\/div>\n","protected":false},"excerpt":{"rendered":"<p>En juillet dernier, comme tous les deux ans depuis 2007 nous avons fait une incursion \u00e0 la 58e  biennale d\u2019art contemporain de Venise. Le th\u00e8me de cette ann\u00e9e est :  May you live in interesting times, sous le commissariat de Ralph Rugoff.  Moins m\u00e9diatis\u00e9e semble-t-il, que les ann\u00e9es pr\u00e9c\u00e9dente, allions nous y  trouver notre bonheur ?<\/p>\n","protected":false},"author":1,"featured_media":3102,"comment_status":"open","ping_status":"open","sticky":false,"template":"","format":"standard","meta":{"ngg_post_thumbnail":0,"_jetpack_memberships_contains_paid_content":false,"footnotes":""},"categories":[6],"tags":[],"class_list":["post-2953","post","type-post","status-publish","format-standard","has-post-thumbnail","hentry","category-le-blog"],"yoast_head":"<!-- This site is optimized with the Yoast SEO plugin v27.5 - https:\/\/yoast.com\/product\/yoast-seo-wordpress\/ -->\n<title>Biennale d\u2019art de Venise 2019 - Gil Pivert %<\/title>\n<meta name=\"description\" content=\"Visite de la 58e biennale d&#039;art contemporain de Venise. Photos d&#039;une s\u00e9lection des oeuvres les plus marquantes et partage de mon avis non moins personnel.\" \/>\n<meta name=\"robots\" content=\"index, follow, max-snippet:-1, max-image-preview:large, max-video-preview:-1\" \/>\n<link rel=\"canonical\" href=\"https:\/\/www.gilpivert.fr\/index.php\/biennale-dart-de-venise-2019\/\" \/>\n<meta property=\"og:locale\" content=\"fr_FR\" \/>\n<meta property=\"og:type\" content=\"article\" \/>\n<meta property=\"og:title\" content=\"Biennale d\u2019art de Venise 2019 - Gil Pivert %\" \/>\n<meta property=\"og:description\" content=\"Visite de la 58e biennale d&#039;art contemporain de Venise. Photos d&#039;une s\u00e9lection des oeuvres les plus marquantes et partage de mon avis non moins personnel.\" \/>\n<meta property=\"og:url\" content=\"https:\/\/www.gilpivert.fr\/index.php\/biennale-dart-de-venise-2019\/\" \/>\n<meta property=\"og:site_name\" content=\"Gil Pivert\" \/>\n<meta property=\"article:published_time\" content=\"2019-08-29T16:00:52+00:00\" \/>\n<meta property=\"article:modified_time\" content=\"2022-09-13T13:34:37+00:00\" \/>\n<meta property=\"og:image\" content=\"https:\/\/www.gilpivert.fr\/wp-content\/uploads\/2019\/08\/Biennale-19-1060032-2.jpg\" \/>\n\t<meta property=\"og:image:width\" content=\"1200\" \/>\n\t<meta property=\"og:image:height\" content=\"900\" \/>\n\t<meta property=\"og:image:type\" content=\"image\/jpeg\" \/>\n<meta name=\"author\" content=\"Gil\" \/>\n<meta name=\"twitter:card\" content=\"summary_large_image\" \/>\n<meta name=\"twitter:label1\" content=\"\u00c9crit par\" \/>\n\t<meta name=\"twitter:data1\" content=\"Gil\" \/>\n\t<meta name=\"twitter:label2\" content=\"Dur\u00e9e de lecture estim\u00e9e\" \/>\n\t<meta name=\"twitter:data2\" content=\"6 minutes\" \/>\n<script type=\"application\/ld+json\" class=\"yoast-schema-graph\">{\"@context\":\"https:\\\/\\\/schema.org\",\"@graph\":[{\"@type\":\"Article\",\"@id\":\"https:\\\/\\\/www.gilpivert.fr\\\/index.php\\\/biennale-dart-de-venise-2019\\\/#article\",\"isPartOf\":{\"@id\":\"https:\\\/\\\/www.gilpivert.fr\\\/index.php\\\/biennale-dart-de-venise-2019\\\/\"},\"author\":{\"name\":\"Gil\",\"@id\":\"https:\\\/\\\/www.gilpivert.fr\\\/#\\\/schema\\\/person\\\/a5197faf33e5954381f23d9cd3c00dbe\"},\"headline\":\"Biennale d\u2019art de Venise 2019\",\"datePublished\":\"2019-08-29T16:00:52+00:00\",\"dateModified\":\"2022-09-13T13:34:37+00:00\",\"mainEntityOfPage\":{\"@id\":\"https:\\\/\\\/www.gilpivert.fr\\\/index.php\\\/biennale-dart-de-venise-2019\\\/\"},\"wordCount\":1199,\"commentCount\":0,\"publisher\":{\"@id\":\"https:\\\/\\\/www.gilpivert.fr\\\/#organization\"},\"image\":{\"@id\":\"https:\\\/\\\/www.gilpivert.fr\\\/index.php\\\/biennale-dart-de-venise-2019\\\/#primaryimage\"},\"thumbnailUrl\":\"https:\\\/\\\/i0.wp.com\\\/www.gilpivert.fr\\\/wp-content\\\/uploads\\\/2019\\\/08\\\/Biennale-19-1060032-2.jpg?fit=1200%2C900&ssl=1\",\"articleSection\":[\"Le Blog\"],\"inLanguage\":\"fr-FR\",\"potentialAction\":[{\"@type\":\"CommentAction\",\"name\":\"Comment\",\"target\":[\"https:\\\/\\\/www.gilpivert.fr\\\/index.php\\\/biennale-dart-de-venise-2019\\\/#respond\"]}]},{\"@type\":\"WebPage\",\"@id\":\"https:\\\/\\\/www.gilpivert.fr\\\/index.php\\\/biennale-dart-de-venise-2019\\\/\",\"url\":\"https:\\\/\\\/www.gilpivert.fr\\\/index.php\\\/biennale-dart-de-venise-2019\\\/\",\"name\":\"Biennale d\u2019art de Venise 2019 - Gil Pivert %\",\"isPartOf\":{\"@id\":\"https:\\\/\\\/www.gilpivert.fr\\\/#website\"},\"primaryImageOfPage\":{\"@id\":\"https:\\\/\\\/www.gilpivert.fr\\\/index.php\\\/biennale-dart-de-venise-2019\\\/#primaryimage\"},\"image\":{\"@id\":\"https:\\\/\\\/www.gilpivert.fr\\\/index.php\\\/biennale-dart-de-venise-2019\\\/#primaryimage\"},\"thumbnailUrl\":\"https:\\\/\\\/i0.wp.com\\\/www.gilpivert.fr\\\/wp-content\\\/uploads\\\/2019\\\/08\\\/Biennale-19-1060032-2.jpg?fit=1200%2C900&ssl=1\",\"datePublished\":\"2019-08-29T16:00:52+00:00\",\"dateModified\":\"2022-09-13T13:34:37+00:00\",\"description\":\"Visite de la 58e biennale d'art contemporain de Venise. Photos d'une s\u00e9lection des oeuvres les plus marquantes et partage de mon avis non moins personnel.\",\"breadcrumb\":{\"@id\":\"https:\\\/\\\/www.gilpivert.fr\\\/index.php\\\/biennale-dart-de-venise-2019\\\/#breadcrumb\"},\"inLanguage\":\"fr-FR\",\"potentialAction\":[{\"@type\":\"ReadAction\",\"target\":[\"https:\\\/\\\/www.gilpivert.fr\\\/index.php\\\/biennale-dart-de-venise-2019\\\/\"]}]},{\"@type\":\"ImageObject\",\"inLanguage\":\"fr-FR\",\"@id\":\"https:\\\/\\\/www.gilpivert.fr\\\/index.php\\\/biennale-dart-de-venise-2019\\\/#primaryimage\",\"url\":\"https:\\\/\\\/i0.wp.com\\\/www.gilpivert.fr\\\/wp-content\\\/uploads\\\/2019\\\/08\\\/Biennale-19-1060032-2.jpg?fit=1200%2C900&ssl=1\",\"contentUrl\":\"https:\\\/\\\/i0.wp.com\\\/www.gilpivert.fr\\\/wp-content\\\/uploads\\\/2019\\\/08\\\/Biennale-19-1060032-2.jpg?fit=1200%2C900&ssl=1\",\"width\":1200,\"height\":900,\"caption\":\"Building bridges - Lorenzo Quinn Biennale de Venise 2019\"},{\"@type\":\"BreadcrumbList\",\"@id\":\"https:\\\/\\\/www.gilpivert.fr\\\/index.php\\\/biennale-dart-de-venise-2019\\\/#breadcrumb\",\"itemListElement\":[{\"@type\":\"ListItem\",\"position\":1,\"name\":\"Accueil\",\"item\":\"https:\\\/\\\/www.gilpivert.fr\\\/\"},{\"@type\":\"ListItem\",\"position\":2,\"name\":\"Biennale d\u2019art de Venise 2019\"}]},{\"@type\":\"WebSite\",\"@id\":\"https:\\\/\\\/www.gilpivert.fr\\\/#website\",\"url\":\"https:\\\/\\\/www.gilpivert.fr\\\/\",\"name\":\"Gil Pivert\",\"description\":\"Photos d\u2019art, culture et partage : R\u00eaver les yeux ouverts\",\"publisher\":{\"@id\":\"https:\\\/\\\/www.gilpivert.fr\\\/#organization\"},\"potentialAction\":[{\"@type\":\"SearchAction\",\"target\":{\"@type\":\"EntryPoint\",\"urlTemplate\":\"https:\\\/\\\/www.gilpivert.fr\\\/?s={search_term_string}\"},\"query-input\":{\"@type\":\"PropertyValueSpecification\",\"valueRequired\":true,\"valueName\":\"search_term_string\"}}],\"inLanguage\":\"fr-FR\"},{\"@type\":\"Organization\",\"@id\":\"https:\\\/\\\/www.gilpivert.fr\\\/#organization\",\"name\":\"Gil Pivert\",\"url\":\"https:\\\/\\\/www.gilpivert.fr\\\/\",\"logo\":{\"@type\":\"ImageObject\",\"inLanguage\":\"fr-FR\",\"@id\":\"https:\\\/\\\/www.gilpivert.fr\\\/#\\\/schema\\\/logo\\\/image\\\/\",\"url\":\"https:\\\/\\\/i1.wp.com\\\/www.gilpivert.fr\\\/wp-content\\\/uploads\\\/2019\\\/08\\\/Logo-GP-J400p.png?fit=400%2C187&ssl=1\",\"contentUrl\":\"https:\\\/\\\/i1.wp.com\\\/www.gilpivert.fr\\\/wp-content\\\/uploads\\\/2019\\\/08\\\/Logo-GP-J400p.png?fit=400%2C187&ssl=1\",\"width\":400,\"height\":187,\"caption\":\"Gil Pivert\"},\"image\":{\"@id\":\"https:\\\/\\\/www.gilpivert.fr\\\/#\\\/schema\\\/logo\\\/image\\\/\"},\"sameAs\":[\"http:\\\/\\\/gil.pivert\"]},{\"@type\":\"Person\",\"@id\":\"https:\\\/\\\/www.gilpivert.fr\\\/#\\\/schema\\\/person\\\/a5197faf33e5954381f23d9cd3c00dbe\",\"name\":\"Gil\",\"image\":{\"@type\":\"ImageObject\",\"inLanguage\":\"fr-FR\",\"@id\":\"https:\\\/\\\/secure.gravatar.com\\\/avatar\\\/61d80805d8b255e6483eb57949727c5ec8c68890a8be108a3f0f1fc1e47f8130?s=96&d=retro&r=g\",\"url\":\"https:\\\/\\\/secure.gravatar.com\\\/avatar\\\/61d80805d8b255e6483eb57949727c5ec8c68890a8be108a3f0f1fc1e47f8130?s=96&d=retro&r=g\",\"contentUrl\":\"https:\\\/\\\/secure.gravatar.com\\\/avatar\\\/61d80805d8b255e6483eb57949727c5ec8c68890a8be108a3f0f1fc1e47f8130?s=96&d=retro&r=g\",\"caption\":\"Gil\"},\"sameAs\":[\"https:\\\/\\\/www.gilpivert.fr\\\/\"]}]}<\/script>\n<!-- \/ Yoast SEO plugin. -->","yoast_head_json":{"title":"Biennale d\u2019art de Venise 2019 - Gil Pivert %","description":"Visite de la 58e biennale d'art contemporain de Venise. Photos d'une s\u00e9lection des oeuvres les plus marquantes et partage de mon avis non moins personnel.","robots":{"index":"index","follow":"follow","max-snippet":"max-snippet:-1","max-image-preview":"max-image-preview:large","max-video-preview":"max-video-preview:-1"},"canonical":"https:\/\/www.gilpivert.fr\/index.php\/biennale-dart-de-venise-2019\/","og_locale":"fr_FR","og_type":"article","og_title":"Biennale d\u2019art de Venise 2019 - Gil Pivert %","og_description":"Visite de la 58e biennale d'art contemporain de Venise. Photos d'une s\u00e9lection des oeuvres les plus marquantes et partage de mon avis non moins personnel.","og_url":"https:\/\/www.gilpivert.fr\/index.php\/biennale-dart-de-venise-2019\/","og_site_name":"Gil Pivert","article_published_time":"2019-08-29T16:00:52+00:00","article_modified_time":"2022-09-13T13:34:37+00:00","og_image":[{"width":1200,"height":900,"url":"https:\/\/www.gilpivert.fr\/wp-content\/uploads\/2019\/08\/Biennale-19-1060032-2.jpg","type":"image\/jpeg"}],"author":"Gil","twitter_card":"summary_large_image","twitter_misc":{"\u00c9crit par":"Gil","Dur\u00e9e de lecture estim\u00e9e":"6 minutes"},"schema":{"@context":"https:\/\/schema.org","@graph":[{"@type":"Article","@id":"https:\/\/www.gilpivert.fr\/index.php\/biennale-dart-de-venise-2019\/#article","isPartOf":{"@id":"https:\/\/www.gilpivert.fr\/index.php\/biennale-dart-de-venise-2019\/"},"author":{"name":"Gil","@id":"https:\/\/www.gilpivert.fr\/#\/schema\/person\/a5197faf33e5954381f23d9cd3c00dbe"},"headline":"Biennale d\u2019art de Venise 2019","datePublished":"2019-08-29T16:00:52+00:00","dateModified":"2022-09-13T13:34:37+00:00","mainEntityOfPage":{"@id":"https:\/\/www.gilpivert.fr\/index.php\/biennale-dart-de-venise-2019\/"},"wordCount":1199,"commentCount":0,"publisher":{"@id":"https:\/\/www.gilpivert.fr\/#organization"},"image":{"@id":"https:\/\/www.gilpivert.fr\/index.php\/biennale-dart-de-venise-2019\/#primaryimage"},"thumbnailUrl":"https:\/\/i0.wp.com\/www.gilpivert.fr\/wp-content\/uploads\/2019\/08\/Biennale-19-1060032-2.jpg?fit=1200%2C900&ssl=1","articleSection":["Le Blog"],"inLanguage":"fr-FR","potentialAction":[{"@type":"CommentAction","name":"Comment","target":["https:\/\/www.gilpivert.fr\/index.php\/biennale-dart-de-venise-2019\/#respond"]}]},{"@type":"WebPage","@id":"https:\/\/www.gilpivert.fr\/index.php\/biennale-dart-de-venise-2019\/","url":"https:\/\/www.gilpivert.fr\/index.php\/biennale-dart-de-venise-2019\/","name":"Biennale d\u2019art de Venise 2019 - Gil Pivert %","isPartOf":{"@id":"https:\/\/www.gilpivert.fr\/#website"},"primaryImageOfPage":{"@id":"https:\/\/www.gilpivert.fr\/index.php\/biennale-dart-de-venise-2019\/#primaryimage"},"image":{"@id":"https:\/\/www.gilpivert.fr\/index.php\/biennale-dart-de-venise-2019\/#primaryimage"},"thumbnailUrl":"https:\/\/i0.wp.com\/www.gilpivert.fr\/wp-content\/uploads\/2019\/08\/Biennale-19-1060032-2.jpg?fit=1200%2C900&ssl=1","datePublished":"2019-08-29T16:00:52+00:00","dateModified":"2022-09-13T13:34:37+00:00","description":"Visite de la 58e biennale d'art contemporain de Venise. Photos d'une s\u00e9lection des oeuvres les plus marquantes et partage de mon avis non moins personnel.","breadcrumb":{"@id":"https:\/\/www.gilpivert.fr\/index.php\/biennale-dart-de-venise-2019\/#breadcrumb"},"inLanguage":"fr-FR","potentialAction":[{"@type":"ReadAction","target":["https:\/\/www.gilpivert.fr\/index.php\/biennale-dart-de-venise-2019\/"]}]},{"@type":"ImageObject","inLanguage":"fr-FR","@id":"https:\/\/www.gilpivert.fr\/index.php\/biennale-dart-de-venise-2019\/#primaryimage","url":"https:\/\/i0.wp.com\/www.gilpivert.fr\/wp-content\/uploads\/2019\/08\/Biennale-19-1060032-2.jpg?fit=1200%2C900&ssl=1","contentUrl":"https:\/\/i0.wp.com\/www.gilpivert.fr\/wp-content\/uploads\/2019\/08\/Biennale-19-1060032-2.jpg?fit=1200%2C900&ssl=1","width":1200,"height":900,"caption":"Building bridges - Lorenzo Quinn Biennale de Venise 2019"},{"@type":"BreadcrumbList","@id":"https:\/\/www.gilpivert.fr\/index.php\/biennale-dart-de-venise-2019\/#breadcrumb","itemListElement":[{"@type":"ListItem","position":1,"name":"Accueil","item":"https:\/\/www.gilpivert.fr\/"},{"@type":"ListItem","position":2,"name":"Biennale d\u2019art de Venise 2019"}]},{"@type":"WebSite","@id":"https:\/\/www.gilpivert.fr\/#website","url":"https:\/\/www.gilpivert.fr\/","name":"Gil Pivert","description":"Photos d\u2019art, culture et partage : R\u00eaver les yeux ouverts","publisher":{"@id":"https:\/\/www.gilpivert.fr\/#organization"},"potentialAction":[{"@type":"SearchAction","target":{"@type":"EntryPoint","urlTemplate":"https:\/\/www.gilpivert.fr\/?s={search_term_string}"},"query-input":{"@type":"PropertyValueSpecification","valueRequired":true,"valueName":"search_term_string"}}],"inLanguage":"fr-FR"},{"@type":"Organization","@id":"https:\/\/www.gilpivert.fr\/#organization","name":"Gil Pivert","url":"https:\/\/www.gilpivert.fr\/","logo":{"@type":"ImageObject","inLanguage":"fr-FR","@id":"https:\/\/www.gilpivert.fr\/#\/schema\/logo\/image\/","url":"https:\/\/i1.wp.com\/www.gilpivert.fr\/wp-content\/uploads\/2019\/08\/Logo-GP-J400p.png?fit=400%2C187&ssl=1","contentUrl":"https:\/\/i1.wp.com\/www.gilpivert.fr\/wp-content\/uploads\/2019\/08\/Logo-GP-J400p.png?fit=400%2C187&ssl=1","width":400,"height":187,"caption":"Gil Pivert"},"image":{"@id":"https:\/\/www.gilpivert.fr\/#\/schema\/logo\/image\/"},"sameAs":["http:\/\/gil.pivert"]},{"@type":"Person","@id":"https:\/\/www.gilpivert.fr\/#\/schema\/person\/a5197faf33e5954381f23d9cd3c00dbe","name":"Gil","image":{"@type":"ImageObject","inLanguage":"fr-FR","@id":"https:\/\/secure.gravatar.com\/avatar\/61d80805d8b255e6483eb57949727c5ec8c68890a8be108a3f0f1fc1e47f8130?s=96&d=retro&r=g","url":"https:\/\/secure.gravatar.com\/avatar\/61d80805d8b255e6483eb57949727c5ec8c68890a8be108a3f0f1fc1e47f8130?s=96&d=retro&r=g","contentUrl":"https:\/\/secure.gravatar.com\/avatar\/61d80805d8b255e6483eb57949727c5ec8c68890a8be108a3f0f1fc1e47f8130?s=96&d=retro&r=g","caption":"Gil"},"sameAs":["https:\/\/www.gilpivert.fr\/"]}]}},"jetpack_featured_media_url":"https:\/\/i0.wp.com\/www.gilpivert.fr\/wp-content\/uploads\/2019\/08\/Biennale-19-1060032-2.jpg?fit=1200%2C900&ssl=1","jetpack_shortlink":"https:\/\/wp.me\/paTRHF-LD","jetpack_likes_enabled":false,"jetpack_sharing_enabled":true,"_links":{"self":[{"href":"https:\/\/www.gilpivert.fr\/index.php\/wp-json\/wp\/v2\/posts\/2953","targetHints":{"allow":["GET"]}}],"collection":[{"href":"https:\/\/www.gilpivert.fr\/index.php\/wp-json\/wp\/v2\/posts"}],"about":[{"href":"https:\/\/www.gilpivert.fr\/index.php\/wp-json\/wp\/v2\/types\/post"}],"author":[{"embeddable":true,"href":"https:\/\/www.gilpivert.fr\/index.php\/wp-json\/wp\/v2\/users\/1"}],"replies":[{"embeddable":true,"href":"https:\/\/www.gilpivert.fr\/index.php\/wp-json\/wp\/v2\/comments?post=2953"}],"version-history":[{"count":64,"href":"https:\/\/www.gilpivert.fr\/index.php\/wp-json\/wp\/v2\/posts\/2953\/revisions"}],"predecessor-version":[{"id":6749,"href":"https:\/\/www.gilpivert.fr\/index.php\/wp-json\/wp\/v2\/posts\/2953\/revisions\/6749"}],"wp:featuredmedia":[{"embeddable":true,"href":"https:\/\/www.gilpivert.fr\/index.php\/wp-json\/wp\/v2\/media\/3102"}],"wp:attachment":[{"href":"https:\/\/www.gilpivert.fr\/index.php\/wp-json\/wp\/v2\/media?parent=2953"}],"wp:term":[{"taxonomy":"category","embeddable":true,"href":"https:\/\/www.gilpivert.fr\/index.php\/wp-json\/wp\/v2\/categories?post=2953"},{"taxonomy":"post_tag","embeddable":true,"href":"https:\/\/www.gilpivert.fr\/index.php\/wp-json\/wp\/v2\/tags?post=2953"}],"curies":[{"name":"wp","href":"https:\/\/api.w.org\/{rel}","templated":true}]}}