{"id":1708,"date":"2019-08-05T19:05:56","date_gmt":"2019-08-05T17:05:56","guid":{"rendered":"https:\/\/gilpivert.fr\/?p=1708"},"modified":"2019-09-26T12:59:38","modified_gmt":"2019-09-26T10:59:38","slug":"accident-de-paquebot-a-venise","status":"publish","type":"post","link":"https:\/\/www.gilpivert.fr\/index.php\/accident-de-paquebot-a-venise\/","title":{"rendered":"Accident de paquebot \u00e0 Venise : Fuori le grandi navi !"},"content":{"rendered":"\n<div class=\"wp-block-media-text alignwide\" style=\"grid-template-columns:33% auto\"><figure class=\"wp-block-media-text__media\"><img loading=\"lazy\" decoding=\"async\" width=\"1200\" height=\"1200\" data-attachment-id=\"1720\" data-permalink=\"https:\/\/www.gilpivert.fr\/index.php\/accident-de-paquebot-a-venise\/grandi-navi-1060702\/\" data-orig-file=\"https:\/\/i0.wp.com\/www.gilpivert.fr\/wp-content\/uploads\/2019\/08\/Grandi-Navi-1060702.jpg?fit=1200%2C1200&amp;ssl=1\" data-orig-size=\"1200,1200\" data-comments-opened=\"1\" data-image-meta=\"{&quot;aperture&quot;:&quot;3.8&quot;,&quot;credit&quot;:&quot;&quot;,&quot;camera&quot;:&quot;DMC-TZ3&quot;,&quot;caption&quot;:&quot;&quot;,&quot;created_timestamp&quot;:&quot;1363171265&quot;,&quot;copyright&quot;:&quot;&quot;,&quot;focal_length&quot;:&quot;6.2&quot;,&quot;iso&quot;:&quot;100&quot;,&quot;shutter_speed&quot;:&quot;0.004&quot;,&quot;title&quot;:&quot;&quot;,&quot;orientation&quot;:&quot;0&quot;}\" data-image-title=\"Grandi-Navi-1060702\" data-image-description=\"\" data-image-caption=\"\" data-large-file=\"https:\/\/i0.wp.com\/www.gilpivert.fr\/wp-content\/uploads\/2019\/08\/Grandi-Navi-1060702.jpg?fit=1024%2C1024&amp;ssl=1\" src=\"https:\/\/i0.wp.com\/gilpivert.fr\/wp-content\/uploads\/2019\/08\/Grandi-Navi-1060702.jpg?fit=640%2C640&amp;ssl=1\" alt=\"\" class=\"wp-image-1720\" srcset=\"https:\/\/i0.wp.com\/www.gilpivert.fr\/wp-content\/uploads\/2019\/08\/Grandi-Navi-1060702.jpg?w=1200&amp;ssl=1 1200w, https:\/\/i0.wp.com\/www.gilpivert.fr\/wp-content\/uploads\/2019\/08\/Grandi-Navi-1060702.jpg?resize=150%2C150&amp;ssl=1 150w, https:\/\/i0.wp.com\/www.gilpivert.fr\/wp-content\/uploads\/2019\/08\/Grandi-Navi-1060702.jpg?resize=300%2C300&amp;ssl=1 300w, https:\/\/i0.wp.com\/www.gilpivert.fr\/wp-content\/uploads\/2019\/08\/Grandi-Navi-1060702.jpg?resize=768%2C768&amp;ssl=1 768w, https:\/\/i0.wp.com\/www.gilpivert.fr\/wp-content\/uploads\/2019\/08\/Grandi-Navi-1060702.jpg?resize=1024%2C1024&amp;ssl=1 1024w\" sizes=\"auto, (max-width: 1000px) 100vw, 1000px\" \/><\/figure><div class=\"wp-block-media-text__content\">\n<p>Et voil\u00e0, ce qui devait arriver est arriv\u00e9. A Venise, dimanche 2 juin dernier \u00e0 8h30, le MSC Op\u00e9ra, une de ces immeubles flottants que certains appellent paquebot s&rsquo;est retrouv\u00e9 hors contr\u00f4le. Il a heurt\u00e9 un quai des Zattere et un bateau de tourisme ne faisant heureusement que quelques bless\u00e9s l\u00e9gers.<\/p>\n<\/div><\/div>\n\n\n\n<h2 class=\"wp-block-heading\">\u00c9moi passager<\/h2>\n\n\n\n<p>Comme apr\u00e8s chaque accident, l&rsquo;\u00e9moi est relay\u00e9 dans les m\u00e9dias, journaux et t\u00e9l\u00e9vision&#8230; puis s&rsquo;estompe, dispara\u00eet et les choses continuent comme avant.<\/p>\n\n\n\n<div class=\"wp-block-image\"><figure class=\"aligncenter\"><img data-recalc-dims=\"1\" loading=\"lazy\" decoding=\"async\" width=\"1024\" height=\"768\" data-attachment-id=\"1716\" data-permalink=\"https:\/\/www.gilpivert.fr\/index.php\/accident-de-paquebot-a-venise\/grandi-navi-1060716\/\" data-orig-file=\"https:\/\/i0.wp.com\/www.gilpivert.fr\/wp-content\/uploads\/2019\/08\/Grandi-Navi-1060716.jpg?fit=1200%2C900&amp;ssl=1\" data-orig-size=\"1200,900\" data-comments-opened=\"1\" data-image-meta=\"{&quot;aperture&quot;:&quot;4.8&quot;,&quot;credit&quot;:&quot;&quot;,&quot;camera&quot;:&quot;DMC-TZ3&quot;,&quot;caption&quot;:&quot;&quot;,&quot;created_timestamp&quot;:&quot;1363171265&quot;,&quot;copyright&quot;:&quot;&quot;,&quot;focal_length&quot;:&quot;24.2&quot;,&quot;iso&quot;:&quot;100&quot;,&quot;shutter_speed&quot;:&quot;0.00125&quot;,&quot;title&quot;:&quot;&quot;,&quot;orientation&quot;:&quot;0&quot;}\" data-image-title=\"Grandi-Navi-1060716\" data-image-description=\"\" data-image-caption=\"\" data-large-file=\"https:\/\/i0.wp.com\/www.gilpivert.fr\/wp-content\/uploads\/2019\/08\/Grandi-Navi-1060716.jpg?fit=1024%2C768&amp;ssl=1\" src=\"https:\/\/i0.wp.com\/gilpivert.fr\/wp-content\/uploads\/2019\/08\/Grandi-Navi-1060716-1024x768.jpg?resize=1024%2C768&#038;ssl=1\" alt=\"\" class=\"wp-image-1716\" srcset=\"https:\/\/i0.wp.com\/www.gilpivert.fr\/wp-content\/uploads\/2019\/08\/Grandi-Navi-1060716.jpg?resize=1024%2C768&amp;ssl=1 1024w, https:\/\/i0.wp.com\/www.gilpivert.fr\/wp-content\/uploads\/2019\/08\/Grandi-Navi-1060716.jpg?resize=300%2C225&amp;ssl=1 300w, https:\/\/i0.wp.com\/www.gilpivert.fr\/wp-content\/uploads\/2019\/08\/Grandi-Navi-1060716.jpg?resize=768%2C576&amp;ssl=1 768w, https:\/\/i0.wp.com\/www.gilpivert.fr\/wp-content\/uploads\/2019\/08\/Grandi-Navi-1060716.jpg?w=1200&amp;ssl=1 1200w\" sizes=\"auto, (max-width: 1000px) 100vw, 1000px\" \/><figcaption>Intrusion<\/figcaption><\/figure><\/div>\n\n\n\n<p>L\u2019Unesco demande depuis des ann\u00e9es, sans grande conviction, que ces \u00e9normes navires de croisi\u00e8re soient bannis de la lagune de Venise, rien n&rsquo;y fait.<\/p>\n\n\n\n<p>Faudra-t-il que comme pour <a href=\"https:\/\/gilpivert.fr\/index.php\/2019\/04\/16\/le-desastre\/\">Notre Dame<\/a> une catastrophe majeure se produise pour que les autorit\u00e9s agissent ?<\/p>\n\n\n\n<div class=\"wp-block-image\"><figure class=\"aligncenter\"><img data-recalc-dims=\"1\" loading=\"lazy\" decoding=\"async\" width=\"1024\" height=\"640\" data-attachment-id=\"1717\" data-permalink=\"https:\/\/www.gilpivert.fr\/index.php\/accident-de-paquebot-a-venise\/grandi-navi-01910\/\" data-orig-file=\"https:\/\/i0.wp.com\/www.gilpivert.fr\/wp-content\/uploads\/2019\/08\/Grandi-Navi-01910.jpg?fit=1200%2C750&amp;ssl=1\" data-orig-size=\"1200,750\" data-comments-opened=\"1\" data-image-meta=\"{&quot;aperture&quot;:&quot;5.6&quot;,&quot;credit&quot;:&quot;&quot;,&quot;camera&quot;:&quot;DSC-RX100&quot;,&quot;caption&quot;:&quot;&quot;,&quot;created_timestamp&quot;:&quot;1377365855&quot;,&quot;copyright&quot;:&quot;&quot;,&quot;focal_length&quot;:&quot;10.4&quot;,&quot;iso&quot;:&quot;125&quot;,&quot;shutter_speed&quot;:&quot;0.0015625&quot;,&quot;title&quot;:&quot;&quot;,&quot;orientation&quot;:&quot;0&quot;}\" data-image-title=\"Grandi-Navi-01910\" data-image-description=\"\" data-image-caption=\"\" data-large-file=\"https:\/\/i0.wp.com\/www.gilpivert.fr\/wp-content\/uploads\/2019\/08\/Grandi-Navi-01910.jpg?fit=1024%2C640&amp;ssl=1\" src=\"https:\/\/i0.wp.com\/gilpivert.fr\/wp-content\/uploads\/2019\/08\/Grandi-Navi-01910-1024x640.jpg?resize=1024%2C640&#038;ssl=1\" alt=\"\" class=\"wp-image-1717\" srcset=\"https:\/\/i0.wp.com\/www.gilpivert.fr\/wp-content\/uploads\/2019\/08\/Grandi-Navi-01910.jpg?resize=1024%2C640&amp;ssl=1 1024w, https:\/\/i0.wp.com\/www.gilpivert.fr\/wp-content\/uploads\/2019\/08\/Grandi-Navi-01910.jpg?resize=300%2C188&amp;ssl=1 300w, https:\/\/i0.wp.com\/www.gilpivert.fr\/wp-content\/uploads\/2019\/08\/Grandi-Navi-01910.jpg?resize=768%2C480&amp;ssl=1 768w, https:\/\/i0.wp.com\/www.gilpivert.fr\/wp-content\/uploads\/2019\/08\/Grandi-Navi-01910.jpg?w=1200&amp;ssl=1 1200w\" sizes=\"auto, (max-width: 1000px) 100vw, 1000px\" \/><figcaption>Immeuble flottant quittant la lagune<\/figcaption><\/figure><\/div>\n\n\n\n<h2 class=\"wp-block-heading\">Trop de touristes de masse<\/h2>\n\n\n\n<p>Comme le dit Julia, la guide touristique qui accompagne Jean-Paul Kaufmann dans son tr\u00e8s bel essai  <a aria-label='\"Venise \u00e0 double tour\" (s\u2019ouvre dans un nouvel onglet)' href=\"https:\/\/www.lagalerne.com\/livre\/14969273-venise-a-double-tour-jean-paul-kauffmann-equateurs\" target=\"_blank\" rel=\"noreferrer noopener\">\u00ab\u00a0Venise \u00e0 double tour\u00a0\u00bb<\/a>, Venise subit un viol par ces hordes de touristes pour qui l&rsquo;histoire, la beaut\u00e9, la culture ne sont rien. J&rsquo;en ai vu la semaine derni\u00e8re encore faire un tour de gondole sans quitter leur smartphone de l&rsquo;\u0153il &#8211; le gondolier, il est vrai, en faisait autant !<\/p>\n\n\n\n<div class=\"wp-block-image\"><figure class=\"aligncenter\"><img data-recalc-dims=\"1\" loading=\"lazy\" decoding=\"async\" width=\"1024\" height=\"768\" data-attachment-id=\"1718\" data-permalink=\"https:\/\/www.gilpivert.fr\/index.php\/accident-de-paquebot-a-venise\/grandi-navi-1060549\/\" data-orig-file=\"https:\/\/i0.wp.com\/www.gilpivert.fr\/wp-content\/uploads\/2019\/08\/Grandi-Navi-1060549.jpg?fit=1200%2C900&amp;ssl=1\" data-orig-size=\"1200,900\" data-comments-opened=\"1\" data-image-meta=\"{&quot;aperture&quot;:&quot;4.7&quot;,&quot;credit&quot;:&quot;&quot;,&quot;camera&quot;:&quot;DMC-TZ3&quot;,&quot;caption&quot;:&quot;&quot;,&quot;created_timestamp&quot;:&quot;1363171265&quot;,&quot;copyright&quot;:&quot;&quot;,&quot;focal_length&quot;:&quot;20.9&quot;,&quot;iso&quot;:&quot;100&quot;,&quot;shutter_speed&quot;:&quot;0.003125&quot;,&quot;title&quot;:&quot;&quot;,&quot;orientation&quot;:&quot;0&quot;}\" data-image-title=\"Grandi-Navi-1060549\" data-image-description=\"\" data-image-caption=\"\" data-large-file=\"https:\/\/i0.wp.com\/www.gilpivert.fr\/wp-content\/uploads\/2019\/08\/Grandi-Navi-1060549.jpg?fit=1024%2C768&amp;ssl=1\" src=\"https:\/\/i0.wp.com\/gilpivert.fr\/wp-content\/uploads\/2019\/08\/Grandi-Navi-1060549-1024x768.jpg?resize=1024%2C768&#038;ssl=1\" alt=\"\" class=\"wp-image-1718\" srcset=\"https:\/\/i0.wp.com\/www.gilpivert.fr\/wp-content\/uploads\/2019\/08\/Grandi-Navi-1060549.jpg?resize=1024%2C768&amp;ssl=1 1024w, https:\/\/i0.wp.com\/www.gilpivert.fr\/wp-content\/uploads\/2019\/08\/Grandi-Navi-1060549.jpg?resize=300%2C225&amp;ssl=1 300w, https:\/\/i0.wp.com\/www.gilpivert.fr\/wp-content\/uploads\/2019\/08\/Grandi-Navi-1060549.jpg?resize=768%2C576&amp;ssl=1 768w, https:\/\/i0.wp.com\/www.gilpivert.fr\/wp-content\/uploads\/2019\/08\/Grandi-Navi-1060549.jpg?w=1200&amp;ssl=1 1200w\" sizes=\"auto, (max-width: 1000px) 100vw, 1000px\" \/><figcaption>Arriv\u00e9e du Queen Victoria<\/figcaption><\/figure><\/div>\n\n\n\n<p>Les autorit\u00e9s promettent qu&rsquo;un jour les grandi navi ne franchiront plus le canal de la Giudeca et rejoindrons la s\u00e9r\u00e9nissime par un canal creus\u00e9 \u00e0 partir de Malamoco mais, est-ce une solution ? Plus de 3000 touristes par bateau-immeubles hauts de 60 m\u00e8tres se d\u00e9versent dans les rues de la cit\u00e9. Il y en a 800 par an cela fait 2,4 millions, plus de 40 fois la population de Venise. La situation est intenable sauf \u00e0 transformer la ville en Disneyland sur lagune&#8230; ce qui est d\u00e9j\u00e0 presque fait.<\/p>\n\n\n\n<div class=\"wp-block-image\"><figure class=\"aligncenter\"><img data-recalc-dims=\"1\" loading=\"lazy\" decoding=\"async\" width=\"1024\" height=\"768\" data-attachment-id=\"1719\" data-permalink=\"https:\/\/www.gilpivert.fr\/index.php\/accident-de-paquebot-a-venise\/grandi-navi-1060762\/\" data-orig-file=\"https:\/\/i0.wp.com\/www.gilpivert.fr\/wp-content\/uploads\/2019\/08\/Grandi-Navi-1060762.jpg?fit=1200%2C900&amp;ssl=1\" data-orig-size=\"1200,900\" data-comments-opened=\"1\" data-image-meta=\"{&quot;aperture&quot;:&quot;4.8&quot;,&quot;credit&quot;:&quot;&quot;,&quot;camera&quot;:&quot;DMC-TZ3&quot;,&quot;caption&quot;:&quot;&quot;,&quot;created_timestamp&quot;:&quot;1363171265&quot;,&quot;copyright&quot;:&quot;&quot;,&quot;focal_length&quot;:&quot;26&quot;,&quot;iso&quot;:&quot;100&quot;,&quot;shutter_speed&quot;:&quot;0.003125&quot;,&quot;title&quot;:&quot;&quot;,&quot;orientation&quot;:&quot;0&quot;}\" data-image-title=\"Grandi-Navi-1060762\" data-image-description=\"\" data-image-caption=\"\" data-large-file=\"https:\/\/i0.wp.com\/www.gilpivert.fr\/wp-content\/uploads\/2019\/08\/Grandi-Navi-1060762.jpg?fit=1024%2C768&amp;ssl=1\" src=\"https:\/\/i0.wp.com\/gilpivert.fr\/wp-content\/uploads\/2019\/08\/Grandi-Navi-1060762-1024x768.jpg?resize=1024%2C768&#038;ssl=1\" alt=\"\" class=\"wp-image-1719\" srcset=\"https:\/\/i0.wp.com\/www.gilpivert.fr\/wp-content\/uploads\/2019\/08\/Grandi-Navi-1060762.jpg?resize=1024%2C768&amp;ssl=1 1024w, https:\/\/i0.wp.com\/www.gilpivert.fr\/wp-content\/uploads\/2019\/08\/Grandi-Navi-1060762.jpg?resize=300%2C225&amp;ssl=1 300w, https:\/\/i0.wp.com\/www.gilpivert.fr\/wp-content\/uploads\/2019\/08\/Grandi-Navi-1060762.jpg?resize=768%2C576&amp;ssl=1 768w, https:\/\/i0.wp.com\/www.gilpivert.fr\/wp-content\/uploads\/2019\/08\/Grandi-Navi-1060762.jpg?w=1200&amp;ssl=1 1200w\" sizes=\"auto, (max-width: 1000px) 100vw, 1000px\" \/><figcaption>Pourtant Venise a historiquement une vocation maritime et des paquebots de taille humaine et en nombre restreint, cela serait acceptable <\/figcaption><\/figure><\/div>\n\n\n\n<p>Les v\u00e9nitiens se battent et manifestent depuis des ann\u00e9es pour interdire ce trafic. Pour les soutenir dans ce combat, je vous invite \u00e0 signer la p\u00e9tition : <a aria-label=\"Fuori grandi navi (s\u2019ouvre dans un nouvel onglet)\" href=\"https:\/\/www.petizioni.it\/IT\/firma-la-petizione\/fuori-le-grandi-navi-da-venezia-1396873\" target=\"_blank\" rel=\"noreferrer noopener\">Fuori le grandi navi da Venezia<\/a><\/p>\n","protected":false},"excerpt":{"rendered":"<p>Et voil\u00e0, ce qui devait arriver est arriv\u00e9. A Venise, dimanche dernier, le MSC Op\u00e9ra, une de ces immeubles flottants que certains appellent paquebot s\u2019est retrouv\u00e9 hors contr\u00f4le et a heurt\u00e9 un quai.<\/p>\n","protected":false},"author":1,"featured_media":1715,"comment_status":"open","ping_status":"open","sticky":false,"template":"","format":"standard","meta":{"ngg_post_thumbnail":0,"_jetpack_memberships_contains_paid_content":false,"footnotes":""},"categories":[6],"tags":[],"class_list":["post-1708","post","type-post","status-publish","format-standard","has-post-thumbnail","hentry","category-le-blog"],"yoast_head":"<!-- This site is optimized with the Yoast SEO plugin v27.5 - https:\/\/yoast.com\/product\/yoast-seo-wordpress\/ -->\n<title>Accident de paquebot \u00e0 Venise : Fuori le grandi navi ! - Gil Pivert<\/title>\n<meta name=\"description\" content=\"Galerie photographique de Gil Pivert. Portfolios de ses travaux, book et blog pour \u00e9changer autour de l&#039;image et des voyages.\" \/>\n<meta name=\"robots\" content=\"index, follow, max-snippet:-1, max-image-preview:large, max-video-preview:-1\" \/>\n<link rel=\"canonical\" href=\"https:\/\/www.gilpivert.fr\/index.php\/accident-de-paquebot-a-venise\/\" \/>\n<meta property=\"og:locale\" content=\"fr_FR\" \/>\n<meta property=\"og:type\" content=\"article\" \/>\n<meta property=\"og:title\" content=\"Accident de paquebot \u00e0 Venise : Fuori le grandi navi ! - Gil Pivert\" \/>\n<meta property=\"og:description\" content=\"Galerie photographique de Gil Pivert. Portfolios de ses travaux, book et blog pour \u00e9changer autour de l&#039;image et des voyages.\" \/>\n<meta property=\"og:url\" content=\"https:\/\/www.gilpivert.fr\/index.php\/accident-de-paquebot-a-venise\/\" \/>\n<meta property=\"og:site_name\" content=\"Gil Pivert\" \/>\n<meta property=\"article:published_time\" content=\"2019-08-05T17:05:56+00:00\" \/>\n<meta property=\"article:modified_time\" content=\"2019-09-26T10:59:38+00:00\" \/>\n<meta property=\"og:image\" content=\"https:\/\/i2.wp.com\/www.gilpivert.fr\/wp-content\/uploads\/2019\/08\/Grandi-Navi-8871.jpg?fit=1200%2C900&ssl=1\" \/>\n\t<meta property=\"og:image:width\" content=\"1200\" \/>\n\t<meta property=\"og:image:height\" content=\"900\" \/>\n\t<meta property=\"og:image:type\" content=\"image\/jpeg\" \/>\n<meta name=\"author\" content=\"Gil\" \/>\n<meta name=\"twitter:card\" content=\"summary_large_image\" \/>\n<meta name=\"twitter:label1\" content=\"\u00c9crit par\" \/>\n\t<meta name=\"twitter:data1\" content=\"Gil\" \/>\n\t<meta name=\"twitter:label2\" content=\"Dur\u00e9e de lecture estim\u00e9e\" \/>\n\t<meta name=\"twitter:data2\" content=\"2 minutes\" \/>\n<script type=\"application\/ld+json\" class=\"yoast-schema-graph\">{\"@context\":\"https:\\\/\\\/schema.org\",\"@graph\":[{\"@type\":\"Article\",\"@id\":\"https:\\\/\\\/www.gilpivert.fr\\\/index.php\\\/accident-de-paquebot-a-venise\\\/#article\",\"isPartOf\":{\"@id\":\"https:\\\/\\\/www.gilpivert.fr\\\/index.php\\\/accident-de-paquebot-a-venise\\\/\"},\"author\":{\"name\":\"Gil\",\"@id\":\"https:\\\/\\\/www.gilpivert.fr\\\/#\\\/schema\\\/person\\\/a5197faf33e5954381f23d9cd3c00dbe\"},\"headline\":\"Accident de paquebot \u00e0 Venise : Fuori le grandi navi !\",\"datePublished\":\"2019-08-05T17:05:56+00:00\",\"dateModified\":\"2019-09-26T10:59:38+00:00\",\"mainEntityOfPage\":{\"@id\":\"https:\\\/\\\/www.gilpivert.fr\\\/index.php\\\/accident-de-paquebot-a-venise\\\/\"},\"wordCount\":366,\"commentCount\":0,\"publisher\":{\"@id\":\"https:\\\/\\\/www.gilpivert.fr\\\/#organization\"},\"image\":{\"@id\":\"https:\\\/\\\/www.gilpivert.fr\\\/index.php\\\/accident-de-paquebot-a-venise\\\/#primaryimage\"},\"thumbnailUrl\":\"https:\\\/\\\/i0.wp.com\\\/www.gilpivert.fr\\\/wp-content\\\/uploads\\\/2019\\\/08\\\/Grandi-Navi-8871.jpg?fit=1200%2C900&ssl=1\",\"articleSection\":[\"Le Blog\"],\"inLanguage\":\"fr-FR\",\"potentialAction\":[{\"@type\":\"CommentAction\",\"name\":\"Comment\",\"target\":[\"https:\\\/\\\/www.gilpivert.fr\\\/index.php\\\/accident-de-paquebot-a-venise\\\/#respond\"]}]},{\"@type\":\"WebPage\",\"@id\":\"https:\\\/\\\/www.gilpivert.fr\\\/index.php\\\/accident-de-paquebot-a-venise\\\/\",\"url\":\"https:\\\/\\\/www.gilpivert.fr\\\/index.php\\\/accident-de-paquebot-a-venise\\\/\",\"name\":\"Accident de paquebot \u00e0 Venise : Fuori le grandi navi ! - Gil Pivert\",\"isPartOf\":{\"@id\":\"https:\\\/\\\/www.gilpivert.fr\\\/#website\"},\"primaryImageOfPage\":{\"@id\":\"https:\\\/\\\/www.gilpivert.fr\\\/index.php\\\/accident-de-paquebot-a-venise\\\/#primaryimage\"},\"image\":{\"@id\":\"https:\\\/\\\/www.gilpivert.fr\\\/index.php\\\/accident-de-paquebot-a-venise\\\/#primaryimage\"},\"thumbnailUrl\":\"https:\\\/\\\/i0.wp.com\\\/www.gilpivert.fr\\\/wp-content\\\/uploads\\\/2019\\\/08\\\/Grandi-Navi-8871.jpg?fit=1200%2C900&ssl=1\",\"datePublished\":\"2019-08-05T17:05:56+00:00\",\"dateModified\":\"2019-09-26T10:59:38+00:00\",\"description\":\"Galerie photographique de Gil Pivert. Portfolios de ses travaux, book et blog pour \u00e9changer autour de l'image et des voyages.\",\"breadcrumb\":{\"@id\":\"https:\\\/\\\/www.gilpivert.fr\\\/index.php\\\/accident-de-paquebot-a-venise\\\/#breadcrumb\"},\"inLanguage\":\"fr-FR\",\"potentialAction\":[{\"@type\":\"ReadAction\",\"target\":[\"https:\\\/\\\/www.gilpivert.fr\\\/index.php\\\/accident-de-paquebot-a-venise\\\/\"]}]},{\"@type\":\"ImageObject\",\"inLanguage\":\"fr-FR\",\"@id\":\"https:\\\/\\\/www.gilpivert.fr\\\/index.php\\\/accident-de-paquebot-a-venise\\\/#primaryimage\",\"url\":\"https:\\\/\\\/i0.wp.com\\\/www.gilpivert.fr\\\/wp-content\\\/uploads\\\/2019\\\/08\\\/Grandi-Navi-8871.jpg?fit=1200%2C900&ssl=1\",\"contentUrl\":\"https:\\\/\\\/i0.wp.com\\\/www.gilpivert.fr\\\/wp-content\\\/uploads\\\/2019\\\/08\\\/Grandi-Navi-8871.jpg?fit=1200%2C900&ssl=1\",\"width\":1200,\"height\":900,\"caption\":\"Paquebots au centre de Venise\"},{\"@type\":\"BreadcrumbList\",\"@id\":\"https:\\\/\\\/www.gilpivert.fr\\\/index.php\\\/accident-de-paquebot-a-venise\\\/#breadcrumb\",\"itemListElement\":[{\"@type\":\"ListItem\",\"position\":1,\"name\":\"Accueil\",\"item\":\"https:\\\/\\\/www.gilpivert.fr\\\/\"},{\"@type\":\"ListItem\",\"position\":2,\"name\":\"Accident de paquebot \u00e0 Venise : Fuori le grandi navi !\"}]},{\"@type\":\"WebSite\",\"@id\":\"https:\\\/\\\/www.gilpivert.fr\\\/#website\",\"url\":\"https:\\\/\\\/www.gilpivert.fr\\\/\",\"name\":\"Gil Pivert\",\"description\":\"Photos d\u2019art, culture et partage : R\u00eaver les yeux ouverts\",\"publisher\":{\"@id\":\"https:\\\/\\\/www.gilpivert.fr\\\/#organization\"},\"potentialAction\":[{\"@type\":\"SearchAction\",\"target\":{\"@type\":\"EntryPoint\",\"urlTemplate\":\"https:\\\/\\\/www.gilpivert.fr\\\/?s={search_term_string}\"},\"query-input\":{\"@type\":\"PropertyValueSpecification\",\"valueRequired\":true,\"valueName\":\"search_term_string\"}}],\"inLanguage\":\"fr-FR\"},{\"@type\":\"Organization\",\"@id\":\"https:\\\/\\\/www.gilpivert.fr\\\/#organization\",\"name\":\"Gil Pivert\",\"url\":\"https:\\\/\\\/www.gilpivert.fr\\\/\",\"logo\":{\"@type\":\"ImageObject\",\"inLanguage\":\"fr-FR\",\"@id\":\"https:\\\/\\\/www.gilpivert.fr\\\/#\\\/schema\\\/logo\\\/image\\\/\",\"url\":\"https:\\\/\\\/i1.wp.com\\\/www.gilpivert.fr\\\/wp-content\\\/uploads\\\/2019\\\/08\\\/Logo-GP-J400p.png?fit=400%2C187&ssl=1\",\"contentUrl\":\"https:\\\/\\\/i1.wp.com\\\/www.gilpivert.fr\\\/wp-content\\\/uploads\\\/2019\\\/08\\\/Logo-GP-J400p.png?fit=400%2C187&ssl=1\",\"width\":400,\"height\":187,\"caption\":\"Gil Pivert\"},\"image\":{\"@id\":\"https:\\\/\\\/www.gilpivert.fr\\\/#\\\/schema\\\/logo\\\/image\\\/\"},\"sameAs\":[\"http:\\\/\\\/gil.pivert\"]},{\"@type\":\"Person\",\"@id\":\"https:\\\/\\\/www.gilpivert.fr\\\/#\\\/schema\\\/person\\\/a5197faf33e5954381f23d9cd3c00dbe\",\"name\":\"Gil\",\"image\":{\"@type\":\"ImageObject\",\"inLanguage\":\"fr-FR\",\"@id\":\"https:\\\/\\\/secure.gravatar.com\\\/avatar\\\/61d80805d8b255e6483eb57949727c5ec8c68890a8be108a3f0f1fc1e47f8130?s=96&d=retro&r=g\",\"url\":\"https:\\\/\\\/secure.gravatar.com\\\/avatar\\\/61d80805d8b255e6483eb57949727c5ec8c68890a8be108a3f0f1fc1e47f8130?s=96&d=retro&r=g\",\"contentUrl\":\"https:\\\/\\\/secure.gravatar.com\\\/avatar\\\/61d80805d8b255e6483eb57949727c5ec8c68890a8be108a3f0f1fc1e47f8130?s=96&d=retro&r=g\",\"caption\":\"Gil\"},\"sameAs\":[\"https:\\\/\\\/www.gilpivert.fr\\\/\"]}]}<\/script>\n<!-- \/ Yoast SEO plugin. -->","yoast_head_json":{"title":"Accident de paquebot \u00e0 Venise : Fuori le grandi navi ! - Gil Pivert","description":"Galerie photographique de Gil Pivert. Portfolios de ses travaux, book et blog pour \u00e9changer autour de l'image et des voyages.","robots":{"index":"index","follow":"follow","max-snippet":"max-snippet:-1","max-image-preview":"max-image-preview:large","max-video-preview":"max-video-preview:-1"},"canonical":"https:\/\/www.gilpivert.fr\/index.php\/accident-de-paquebot-a-venise\/","og_locale":"fr_FR","og_type":"article","og_title":"Accident de paquebot \u00e0 Venise : Fuori le grandi navi ! - Gil Pivert","og_description":"Galerie photographique de Gil Pivert. Portfolios de ses travaux, book et blog pour \u00e9changer autour de l'image et des voyages.","og_url":"https:\/\/www.gilpivert.fr\/index.php\/accident-de-paquebot-a-venise\/","og_site_name":"Gil Pivert","article_published_time":"2019-08-05T17:05:56+00:00","article_modified_time":"2019-09-26T10:59:38+00:00","og_image":[{"width":1200,"height":900,"url":"https:\/\/i2.wp.com\/www.gilpivert.fr\/wp-content\/uploads\/2019\/08\/Grandi-Navi-8871.jpg?fit=1200%2C900&ssl=1","type":"image\/jpeg"}],"author":"Gil","twitter_card":"summary_large_image","twitter_misc":{"\u00c9crit par":"Gil","Dur\u00e9e de lecture estim\u00e9e":"2 minutes"},"schema":{"@context":"https:\/\/schema.org","@graph":[{"@type":"Article","@id":"https:\/\/www.gilpivert.fr\/index.php\/accident-de-paquebot-a-venise\/#article","isPartOf":{"@id":"https:\/\/www.gilpivert.fr\/index.php\/accident-de-paquebot-a-venise\/"},"author":{"name":"Gil","@id":"https:\/\/www.gilpivert.fr\/#\/schema\/person\/a5197faf33e5954381f23d9cd3c00dbe"},"headline":"Accident de paquebot \u00e0 Venise : Fuori le grandi navi !","datePublished":"2019-08-05T17:05:56+00:00","dateModified":"2019-09-26T10:59:38+00:00","mainEntityOfPage":{"@id":"https:\/\/www.gilpivert.fr\/index.php\/accident-de-paquebot-a-venise\/"},"wordCount":366,"commentCount":0,"publisher":{"@id":"https:\/\/www.gilpivert.fr\/#organization"},"image":{"@id":"https:\/\/www.gilpivert.fr\/index.php\/accident-de-paquebot-a-venise\/#primaryimage"},"thumbnailUrl":"https:\/\/i0.wp.com\/www.gilpivert.fr\/wp-content\/uploads\/2019\/08\/Grandi-Navi-8871.jpg?fit=1200%2C900&ssl=1","articleSection":["Le Blog"],"inLanguage":"fr-FR","potentialAction":[{"@type":"CommentAction","name":"Comment","target":["https:\/\/www.gilpivert.fr\/index.php\/accident-de-paquebot-a-venise\/#respond"]}]},{"@type":"WebPage","@id":"https:\/\/www.gilpivert.fr\/index.php\/accident-de-paquebot-a-venise\/","url":"https:\/\/www.gilpivert.fr\/index.php\/accident-de-paquebot-a-venise\/","name":"Accident de paquebot \u00e0 Venise : Fuori le grandi navi ! - Gil Pivert","isPartOf":{"@id":"https:\/\/www.gilpivert.fr\/#website"},"primaryImageOfPage":{"@id":"https:\/\/www.gilpivert.fr\/index.php\/accident-de-paquebot-a-venise\/#primaryimage"},"image":{"@id":"https:\/\/www.gilpivert.fr\/index.php\/accident-de-paquebot-a-venise\/#primaryimage"},"thumbnailUrl":"https:\/\/i0.wp.com\/www.gilpivert.fr\/wp-content\/uploads\/2019\/08\/Grandi-Navi-8871.jpg?fit=1200%2C900&ssl=1","datePublished":"2019-08-05T17:05:56+00:00","dateModified":"2019-09-26T10:59:38+00:00","description":"Galerie photographique de Gil Pivert. Portfolios de ses travaux, book et blog pour \u00e9changer autour de l'image et des voyages.","breadcrumb":{"@id":"https:\/\/www.gilpivert.fr\/index.php\/accident-de-paquebot-a-venise\/#breadcrumb"},"inLanguage":"fr-FR","potentialAction":[{"@type":"ReadAction","target":["https:\/\/www.gilpivert.fr\/index.php\/accident-de-paquebot-a-venise\/"]}]},{"@type":"ImageObject","inLanguage":"fr-FR","@id":"https:\/\/www.gilpivert.fr\/index.php\/accident-de-paquebot-a-venise\/#primaryimage","url":"https:\/\/i0.wp.com\/www.gilpivert.fr\/wp-content\/uploads\/2019\/08\/Grandi-Navi-8871.jpg?fit=1200%2C900&ssl=1","contentUrl":"https:\/\/i0.wp.com\/www.gilpivert.fr\/wp-content\/uploads\/2019\/08\/Grandi-Navi-8871.jpg?fit=1200%2C900&ssl=1","width":1200,"height":900,"caption":"Paquebots au centre de Venise"},{"@type":"BreadcrumbList","@id":"https:\/\/www.gilpivert.fr\/index.php\/accident-de-paquebot-a-venise\/#breadcrumb","itemListElement":[{"@type":"ListItem","position":1,"name":"Accueil","item":"https:\/\/www.gilpivert.fr\/"},{"@type":"ListItem","position":2,"name":"Accident de paquebot \u00e0 Venise : Fuori le grandi navi !"}]},{"@type":"WebSite","@id":"https:\/\/www.gilpivert.fr\/#website","url":"https:\/\/www.gilpivert.fr\/","name":"Gil Pivert","description":"Photos d\u2019art, culture et partage : R\u00eaver les yeux ouverts","publisher":{"@id":"https:\/\/www.gilpivert.fr\/#organization"},"potentialAction":[{"@type":"SearchAction","target":{"@type":"EntryPoint","urlTemplate":"https:\/\/www.gilpivert.fr\/?s={search_term_string}"},"query-input":{"@type":"PropertyValueSpecification","valueRequired":true,"valueName":"search_term_string"}}],"inLanguage":"fr-FR"},{"@type":"Organization","@id":"https:\/\/www.gilpivert.fr\/#organization","name":"Gil Pivert","url":"https:\/\/www.gilpivert.fr\/","logo":{"@type":"ImageObject","inLanguage":"fr-FR","@id":"https:\/\/www.gilpivert.fr\/#\/schema\/logo\/image\/","url":"https:\/\/i1.wp.com\/www.gilpivert.fr\/wp-content\/uploads\/2019\/08\/Logo-GP-J400p.png?fit=400%2C187&ssl=1","contentUrl":"https:\/\/i1.wp.com\/www.gilpivert.fr\/wp-content\/uploads\/2019\/08\/Logo-GP-J400p.png?fit=400%2C187&ssl=1","width":400,"height":187,"caption":"Gil Pivert"},"image":{"@id":"https:\/\/www.gilpivert.fr\/#\/schema\/logo\/image\/"},"sameAs":["http:\/\/gil.pivert"]},{"@type":"Person","@id":"https:\/\/www.gilpivert.fr\/#\/schema\/person\/a5197faf33e5954381f23d9cd3c00dbe","name":"Gil","image":{"@type":"ImageObject","inLanguage":"fr-FR","@id":"https:\/\/secure.gravatar.com\/avatar\/61d80805d8b255e6483eb57949727c5ec8c68890a8be108a3f0f1fc1e47f8130?s=96&d=retro&r=g","url":"https:\/\/secure.gravatar.com\/avatar\/61d80805d8b255e6483eb57949727c5ec8c68890a8be108a3f0f1fc1e47f8130?s=96&d=retro&r=g","contentUrl":"https:\/\/secure.gravatar.com\/avatar\/61d80805d8b255e6483eb57949727c5ec8c68890a8be108a3f0f1fc1e47f8130?s=96&d=retro&r=g","caption":"Gil"},"sameAs":["https:\/\/www.gilpivert.fr\/"]}]}},"jetpack_featured_media_url":"https:\/\/i0.wp.com\/www.gilpivert.fr\/wp-content\/uploads\/2019\/08\/Grandi-Navi-8871.jpg?fit=1200%2C900&ssl=1","jetpack_shortlink":"https:\/\/wp.me\/paTRHF-ry","jetpack_likes_enabled":false,"jetpack_sharing_enabled":true,"_links":{"self":[{"href":"https:\/\/www.gilpivert.fr\/index.php\/wp-json\/wp\/v2\/posts\/1708","targetHints":{"allow":["GET"]}}],"collection":[{"href":"https:\/\/www.gilpivert.fr\/index.php\/wp-json\/wp\/v2\/posts"}],"about":[{"href":"https:\/\/www.gilpivert.fr\/index.php\/wp-json\/wp\/v2\/types\/post"}],"author":[{"embeddable":true,"href":"https:\/\/www.gilpivert.fr\/index.php\/wp-json\/wp\/v2\/users\/1"}],"replies":[{"embeddable":true,"href":"https:\/\/www.gilpivert.fr\/index.php\/wp-json\/wp\/v2\/comments?post=1708"}],"version-history":[{"count":23,"href":"https:\/\/www.gilpivert.fr\/index.php\/wp-json\/wp\/v2\/posts\/1708\/revisions"}],"predecessor-version":[{"id":3882,"href":"https:\/\/www.gilpivert.fr\/index.php\/wp-json\/wp\/v2\/posts\/1708\/revisions\/3882"}],"wp:featuredmedia":[{"embeddable":true,"href":"https:\/\/www.gilpivert.fr\/index.php\/wp-json\/wp\/v2\/media\/1715"}],"wp:attachment":[{"href":"https:\/\/www.gilpivert.fr\/index.php\/wp-json\/wp\/v2\/media?parent=1708"}],"wp:term":[{"taxonomy":"category","embeddable":true,"href":"https:\/\/www.gilpivert.fr\/index.php\/wp-json\/wp\/v2\/categories?post=1708"},{"taxonomy":"post_tag","embeddable":true,"href":"https:\/\/www.gilpivert.fr\/index.php\/wp-json\/wp\/v2\/tags?post=1708"}],"curies":[{"name":"wp","href":"https:\/\/api.w.org\/{rel}","templated":true}]}}