{"id":1669,"date":"2019-07-30T10:51:44","date_gmt":"2019-07-30T08:51:44","guid":{"rendered":"https:\/\/gilpivert.fr\/?p=1669"},"modified":"2021-10-23T12:50:32","modified_gmt":"2021-10-23T10:50:32","slug":"leglise-saint-joseph-du-havre-trois-etoiles-au-guide-michelin","status":"publish","type":"post","link":"https:\/\/www.gilpivert.fr\/index.php\/leglise-saint-joseph-du-havre-trois-etoiles-au-guide-michelin\/","title":{"rendered":"L\u2019\u00e9glise Saint-Joseph du Havre, 3 \u00e9toiles au guide Michelin"},"content":{"rendered":"\n<div class=\"wp-block-image\"><figure class=\"alignleft is-resized\"><img loading=\"lazy\" decoding=\"async\" src=\"https:\/\/i1.wp.com\/gilpivert.fr\/wp-content\/uploads\/2019\/07\/St-Joseph-Le-Havre-1050552-1.jpg?fit=640%2C640&amp;ssl=1\" alt=\"La tour lanterne de l'\u00e9glise Saint Joseph\" width=\"181\" height=\"181\"\/><figcaption>La tour lanterne<\/figcaption><\/figure><\/div>\n\n\n\n<p>Point d\u2019orgue de la reconstruction de la ville par Auguste Perret en 1951, l\u2019\u00e9glise Saint Joseph du Havre vient d\u2019obtenir une troisi\u00e8me \u00e9toile dans le Guide Vert Michelin 2019 !<\/p>\n\n\n\n<p>Pourtant, rien n\u2019a chang\u00e9 depuis des ann\u00e9es. La tour en b\u00e9ton de l\u2019\u00e9glise fait toujours 110 m de haut, les vitraux multicolores de Marguerite Hur\u00e9 sont toujours au nombre de 12 700\u2026 <\/p>\n\n\n\n<p>Et voil\u00e0 que d\u2019un seul coup d\u2019un seul, la mention \u00ab 3 \u00e9toiles &#8211; Vaut le voyage \u00bb est accol\u00e9e \u00e0 la description du monument par le prestigieux guide vert.<\/p>\n\n\n\n<p><\/p>\n\n\n\n<h2 class=\"wp-block-heading\">L\u2019effet UNESCO<\/h2>\n\n\n\n<div class=\"wp-block-image\"><figure class=\"aligncenter\"><img data-recalc-dims=\"1\" loading=\"lazy\" decoding=\"async\" width=\"1024\" height=\"768\" data-attachment-id=\"1699\" data-permalink=\"https:\/\/www.gilpivert.fr\/index.php\/leglise-saint-joseph-du-havre-trois-etoiles-au-guide-michelin\/st-joseph-le-havre-5\/\" data-orig-file=\"https:\/\/i0.wp.com\/www.gilpivert.fr\/wp-content\/uploads\/2019\/07\/St-Joseph-Le-Havre-1-2.jpg?fit=1200%2C900&amp;ssl=1\" data-orig-size=\"1200,900\" data-comments-opened=\"1\" data-image-meta=\"{&quot;aperture&quot;:&quot;3.5&quot;,&quot;credit&quot;:&quot;&quot;,&quot;camera&quot;:&quot;DMC-GX8&quot;,&quot;caption&quot;:&quot;&quot;,&quot;created_timestamp&quot;:&quot;1563201559&quot;,&quot;copyright&quot;:&quot;&quot;,&quot;focal_length&quot;:&quot;15&quot;,&quot;iso&quot;:&quot;800&quot;,&quot;shutter_speed&quot;:&quot;0.033333333333333&quot;,&quot;title&quot;:&quot;&quot;,&quot;orientation&quot;:&quot;0&quot;}\" data-image-title=\"St Joseph &amp;#8211; Le Havre-\" data-image-description=\"\" data-image-caption=\"\" data-large-file=\"https:\/\/i0.wp.com\/www.gilpivert.fr\/wp-content\/uploads\/2019\/07\/St-Joseph-Le-Havre-1-2.jpg?fit=1024%2C768&amp;ssl=1\" src=\"https:\/\/i0.wp.com\/gilpivert.fr\/wp-content\/uploads\/2019\/07\/St-Joseph-Le-Havre-1-2-1024x768.jpg?resize=1024%2C768&#038;ssl=1\" alt=\"Le corps de la tour lanterne de Saint Joseph avec les magnifiques vitraux de Marguerite Hur\u00e9\" class=\"wp-image-1699\" srcset=\"https:\/\/i0.wp.com\/www.gilpivert.fr\/wp-content\/uploads\/2019\/07\/St-Joseph-Le-Havre-1-2.jpg?resize=1024%2C768&amp;ssl=1 1024w, https:\/\/i0.wp.com\/www.gilpivert.fr\/wp-content\/uploads\/2019\/07\/St-Joseph-Le-Havre-1-2.jpg?resize=300%2C225&amp;ssl=1 300w, https:\/\/i0.wp.com\/www.gilpivert.fr\/wp-content\/uploads\/2019\/07\/St-Joseph-Le-Havre-1-2.jpg?resize=768%2C576&amp;ssl=1 768w, https:\/\/i0.wp.com\/www.gilpivert.fr\/wp-content\/uploads\/2019\/07\/St-Joseph-Le-Havre-1-2.jpg?w=1200&amp;ssl=1 1200w\" sizes=\"auto, (max-width: 1000px) 100vw, 1000px\" \/><figcaption>Le corps de la tour lanterne avec les magnifiques vitraux de Marguerite Hur\u00e9<\/figcaption><\/figure><\/div>\n\n\n\n<figure class=\"wp-block-image\"><img data-recalc-dims=\"1\" loading=\"lazy\" decoding=\"async\" width=\"768\" height=\"1024\" data-attachment-id=\"3152\" data-permalink=\"https:\/\/www.gilpivert.fr\/st-joseph-3-2\/\" data-orig-file=\"https:\/\/i0.wp.com\/www.gilpivert.fr\/wp-content\/uploads\/2019\/09\/St-Joseph-3.jpg?fit=960%2C1280&amp;ssl=1\" data-orig-size=\"960,1280\" data-comments-opened=\"1\" data-image-meta=\"{&quot;aperture&quot;:&quot;3.5&quot;,&quot;credit&quot;:&quot;&quot;,&quot;camera&quot;:&quot;DMC-GX8&quot;,&quot;caption&quot;:&quot;&quot;,&quot;created_timestamp&quot;:&quot;1563201856&quot;,&quot;copyright&quot;:&quot;&quot;,&quot;focal_length&quot;:&quot;15&quot;,&quot;iso&quot;:&quot;800&quot;,&quot;shutter_speed&quot;:&quot;0.04&quot;,&quot;title&quot;:&quot;&quot;,&quot;orientation&quot;:&quot;0&quot;}\" data-image-title=\"Escalier vers l&amp;rsquo;infini\" data-image-description=\"\" data-image-caption=\"&lt;p&gt;Tel le tunnel de lumi\u00e8re de J\u00e9r\u00f4me Bosch&lt;\/p&gt;\n\" data-large-file=\"https:\/\/i0.wp.com\/www.gilpivert.fr\/wp-content\/uploads\/2019\/09\/St-Joseph-3.jpg?fit=768%2C1024&amp;ssl=1\" src=\"https:\/\/i0.wp.com\/gilpivert.fr\/wp-content\/uploads\/2019\/09\/St-Joseph-3-768x1024.jpg?resize=768%2C1024&#038;ssl=1\" alt=\"\" class=\"wp-image-3152\" srcset=\"https:\/\/i0.wp.com\/www.gilpivert.fr\/wp-content\/uploads\/2019\/09\/St-Joseph-3.jpg?resize=768%2C1024&amp;ssl=1 768w, https:\/\/i0.wp.com\/www.gilpivert.fr\/wp-content\/uploads\/2019\/09\/St-Joseph-3.jpg?resize=225%2C300&amp;ssl=1 225w, https:\/\/i0.wp.com\/www.gilpivert.fr\/wp-content\/uploads\/2019\/09\/St-Joseph-3.jpg?resize=705%2C940&amp;ssl=1 705w, https:\/\/i0.wp.com\/www.gilpivert.fr\/wp-content\/uploads\/2019\/09\/St-Joseph-3.jpg?w=960&amp;ssl=1 960w\" sizes=\"auto, (max-width: 768px) 100vw, 768px\" \/><figcaption>Tel le tunnel de lumi\u00e8re de J\u00e9r\u00f4me Bosch<\/figcaption><\/figure>\n\n\n\n<p>Il faut dire\nque la vision que portent les habitants du Havre sur leur ville a quelque peu\nchang\u00e9e depuis le classement du centre reconstruit au Patrimoine Mondial de\nl\u2019UNESCO et ce nouveau regard arrive p\u00e9niblement \u00e0 \u00eatre partag\u00e9 par nos\ncontemporains 25 ans plus tard.<\/p>\n\n\n\n<h2 class=\"wp-block-heading\">A l\u2019origine de l&rsquo;\u00e9glise<\/h2>\n\n\n\n<p>Lors de la\nd\u00e9finition du projet, les Havrais n\u2019\u00e9taient pas enthousiastes devant les\npropositions du Ma\u00eetre. Comme ils ne l\u2019\u00e9taient pas d\u2019ailleurs \u00e0 cette \u00e9poque\ndevant la reconstruction de la ville en g\u00e9n\u00e9ral ! <\/p>\n\n\n\n<p>Apr\u00e8s plusieurs refus, Jacques Tournant exhume les plans d\u2019un pr\u00e9c\u00e9dent projet de 1926 que Perret avait propos\u00e9 pour la construction d&rsquo;une  \u00e9glise rue de la Chapelle dans le XVIIIe arrondissement de Paris : <a rel=\"noreferrer noopener\" aria-label=\"un b\u00e2timent avec une tour-lanterne de 200 m de haut (s\u2019ouvre dans un nouvel onglet)\" href=\"https:\/\/architectona.wordpress.com\/oeuvres-dauguste-perret\/projets\/projet-pour-basilique-sainte-jeanne-darc-paris\/\" target=\"_blank\">un b\u00e2timent avec une tour-lanterne de 200 m de haut<\/a>. Il le pr\u00e9senta \u00e0 l\u2019abb\u00e9 Marie qui  le fit adopter par Perret. Les plans sont redessin\u00e9s, la premi\u00e8re pierre pos\u00e9e en 1951 et le b\u00e2timent rendu au culte le 22 mars 1959.<\/p>\n\n\n\n<h2 class=\"wp-block-heading\">B\u00e9ton et verre<\/h2>\n\n\n\n<p>Le guide vert\ns\u2019attache particuli\u00e8rement \u00e0 l\u2019int\u00e9rieur grandiose de l\u2019\u00e9difice. <\/p>\n\n\n\n<p>Comme un phare\nface \u00e0 la mer, la tour lanterne octogonale de 110 m ne repose sur aucun pilier\ndonnant une impression de l\u00e9g\u00e8ret\u00e9. Des triangles de b\u00e9ton assurent la liaison\navec le corps cubique de l\u2019\u00e9difice&nbsp;: une prouesse architecturale.<\/p>\n\n\n\n<div class=\"wp-block-image\"><figure class=\"aligncenter\"><img data-recalc-dims=\"1\" loading=\"lazy\" decoding=\"async\" width=\"768\" height=\"1024\" data-attachment-id=\"1696\" data-permalink=\"https:\/\/www.gilpivert.fr\/index.php\/leglise-saint-joseph-du-havre-trois-etoiles-au-guide-michelin\/st-joseph-le-havre-2-2\/\" data-orig-file=\"https:\/\/i0.wp.com\/www.gilpivert.fr\/wp-content\/uploads\/2019\/07\/St-Joseph-Le-Havre-2-1.jpg?fit=900%2C1200&amp;ssl=1\" data-orig-size=\"900,1200\" data-comments-opened=\"1\" data-image-meta=\"{&quot;aperture&quot;:&quot;3.5&quot;,&quot;credit&quot;:&quot;&quot;,&quot;camera&quot;:&quot;DMC-GX8&quot;,&quot;caption&quot;:&quot;&quot;,&quot;created_timestamp&quot;:&quot;1563201619&quot;,&quot;copyright&quot;:&quot;&quot;,&quot;focal_length&quot;:&quot;15&quot;,&quot;iso&quot;:&quot;800&quot;,&quot;shutter_speed&quot;:&quot;0.04&quot;,&quot;title&quot;:&quot;&quot;,&quot;orientation&quot;:&quot;0&quot;}\" data-image-title=\"St Joseph &amp;#8211; Le Havre&amp;#8211;2\" data-image-description=\"&lt;p&gt;\u00c9lancements de la tour lanterne. La tour octogonale repose sur une base carr\u00e9e sans piliers&lt;\/p&gt;\n\" data-image-caption=\"&lt;p&gt;\u00c9lancements de la tour lanterne. La tour octogonale repose sur une base carr\u00e9e sans piliers&lt;\/p&gt;\n\" data-large-file=\"https:\/\/i0.wp.com\/www.gilpivert.fr\/wp-content\/uploads\/2019\/07\/St-Joseph-Le-Havre-2-1.jpg?fit=768%2C1024&amp;ssl=1\" src=\"https:\/\/i0.wp.com\/gilpivert.fr\/wp-content\/uploads\/2019\/07\/St-Joseph-Le-Havre-2-1-768x1024.jpg?resize=768%2C1024&#038;ssl=1\" alt=\"\u00c9lancements de la tour lanterne.\" class=\"wp-image-1696\" srcset=\"https:\/\/i0.wp.com\/www.gilpivert.fr\/wp-content\/uploads\/2019\/07\/St-Joseph-Le-Havre-2-1.jpg?resize=768%2C1024&amp;ssl=1 768w, https:\/\/i0.wp.com\/www.gilpivert.fr\/wp-content\/uploads\/2019\/07\/St-Joseph-Le-Havre-2-1.jpg?resize=225%2C300&amp;ssl=1 225w, https:\/\/i0.wp.com\/www.gilpivert.fr\/wp-content\/uploads\/2019\/07\/St-Joseph-Le-Havre-2-1.jpg?w=900&amp;ssl=1 900w\" sizes=\"auto, (max-width: 768px) 100vw, 768px\" \/><figcaption>\u00c9lancements de la tour lanterne. La tour octogonale repose sur une base carr\u00e9e sans piliers<\/figcaption><\/figure><\/div>\n\n\n\n<h3 class=\"wp-block-heading\">Les vitraux<\/h3>\n\n\n\n<p>Les vitraux de <a href=\"https:\/\/fr.wikipedia.org\/wiki\/Marguerite_Hur%C3%A9\" target=\"_blank\" rel=\"noreferrer noopener\" aria-label=\"Marguerite Hur\u00e9 (s\u2019ouvre dans un nouvel onglet)\">Marguerite Hur\u00e9<\/a>, vitrailliste proche du peintre Maurice Denis accentuent la majest\u00e9 du monument. Ils sont de plus en plus pr\u00e9sents au fur et \u00e0 mesure de l\u2019on monte dans la tour et les couleurs sont choisies pour leurs valeurs liturgiques en fonction des points cardinaux.<\/p>\n\n\n\n<h3 class=\"wp-block-heading\">Les orgues<\/h3>\n\n\n\n<p>Les orgues ont \u00e9t\u00e9 construites en 1966 par le <a href=\"https:\/\/fr.wikipedia.org\/wiki\/Kern_(facteur_d%27orgues)\" target=\"_blank\" rel=\"noreferrer noopener\" aria-label=\"Alfred Kern (s\u2019ouvre dans un nouvel onglet)\">Alfred Kern<\/a> pour la chapelle Saint-Thomas du Havre. Transf\u00e9r\u00e9es \u00e0 Saint-Joseph en 2004, elles sonnent particuli\u00e8rement bien dans cette belle architecture de b\u00e9ton.<\/p>\n\n\n\n<div class=\"wp-block-image\"><figure class=\"aligncenter\"><img loading=\"lazy\" decoding=\"async\" width=\"1200\" height=\"900\" data-attachment-id=\"1701\" data-permalink=\"https:\/\/www.gilpivert.fr\/index.php\/leglise-saint-joseph-du-havre-trois-etoiles-au-guide-michelin\/st-joseph-le-havre-4-2-2\/\" data-orig-file=\"https:\/\/i0.wp.com\/www.gilpivert.fr\/wp-content\/uploads\/2019\/07\/St-Joseph-Le-Havre-4-2.jpg?fit=1200%2C900&amp;ssl=1\" data-orig-size=\"1200,900\" data-comments-opened=\"1\" data-image-meta=\"{&quot;aperture&quot;:&quot;1.7&quot;,&quot;credit&quot;:&quot;&quot;,&quot;camera&quot;:&quot;DMC-GX8&quot;,&quot;caption&quot;:&quot;&quot;,&quot;created_timestamp&quot;:&quot;1563202025&quot;,&quot;copyright&quot;:&quot;&quot;,&quot;focal_length&quot;:&quot;15&quot;,&quot;iso&quot;:&quot;800&quot;,&quot;shutter_speed&quot;:&quot;0.05&quot;,&quot;title&quot;:&quot;&quot;,&quot;orientation&quot;:&quot;0&quot;}\" data-image-title=\"St-Joseph-Le-Havre-4-2\" data-image-description=\"\" data-image-caption=\"\" data-large-file=\"https:\/\/i0.wp.com\/www.gilpivert.fr\/wp-content\/uploads\/2019\/07\/St-Joseph-Le-Havre-4-2.jpg?fit=1024%2C768&amp;ssl=1\" src=\"https:\/\/i2.wp.com\/gilpivert.fr\/wp-content\/uploads\/2019\/07\/St-Joseph-Le-Havre-4-2.jpg?fit=640%2C480&amp;ssl=1\" alt=\"L'orgue de l'\u00e9glise Saint Joseph\" class=\"wp-image-1701\" srcset=\"https:\/\/i0.wp.com\/www.gilpivert.fr\/wp-content\/uploads\/2019\/07\/St-Joseph-Le-Havre-4-2.jpg?w=1200&amp;ssl=1 1200w, https:\/\/i0.wp.com\/www.gilpivert.fr\/wp-content\/uploads\/2019\/07\/St-Joseph-Le-Havre-4-2.jpg?resize=300%2C225&amp;ssl=1 300w, https:\/\/i0.wp.com\/www.gilpivert.fr\/wp-content\/uploads\/2019\/07\/St-Joseph-Le-Havre-4-2.jpg?resize=768%2C576&amp;ssl=1 768w, https:\/\/i0.wp.com\/www.gilpivert.fr\/wp-content\/uploads\/2019\/07\/St-Joseph-Le-Havre-4-2.jpg?resize=1024%2C768&amp;ssl=1 1024w\" sizes=\"auto, (max-width: 1000px) 100vw, 1000px\" \/><figcaption>L&rsquo;orgue de l&rsquo;\u00e9glise Saint Joseph<\/figcaption><\/figure><\/div>\n\n\n\n<p>Bref, l\u2019\u00e9glise <a href=\"https:\/\/gilpivert.fr\/index.php\/album-eglise-saint-joseph-du-havre\/\">Saint Joseph du Havre<\/a> vaut \u00e0 elle seule le voyage, c\u2019est le Guide vert Michelin qui vous le dit !<\/p>\n","protected":false},"excerpt":{"rendered":"<p>Point d\u2019orgue de la reconstruction de la ville par Auguste Perret en 1951, l\u2019\u00e9glise Saint Joseph vient d\u2019obtenir une troisi\u00e8me \u00e9toile dans le Guide Vert Michelin 2019 !<\/p>\n","protected":false},"author":1,"featured_media":1679,"comment_status":"open","ping_status":"open","sticky":false,"template":"","format":"standard","meta":{"ngg_post_thumbnail":0,"_jetpack_memberships_contains_paid_content":false,"footnotes":""},"categories":[6],"tags":[],"class_list":["post-1669","post","type-post","status-publish","format-standard","has-post-thumbnail","hentry","category-le-blog"],"yoast_head":"<!-- This site is optimized with the Yoast SEO plugin v27.5 - https:\/\/yoast.com\/product\/yoast-seo-wordpress\/ -->\n<title>L\u2019\u00e9glise Saint-Joseph du Havre, 3 \u00e9toiles au guide Michelin - Gil Pivert<\/title>\n<meta name=\"description\" content=\"Le guide vert Michelin vient de d\u00e9cerner trois \u00e9toiles (vaut le voyage) \u00e0 l&#039;\u00e9glise Saint Joseph du Havre reconstruite par Auguste Perret.\" \/>\n<meta name=\"robots\" content=\"index, follow, max-snippet:-1, max-image-preview:large, max-video-preview:-1\" \/>\n<link rel=\"canonical\" href=\"https:\/\/www.gilpivert.fr\/index.php\/leglise-saint-joseph-du-havre-trois-etoiles-au-guide-michelin\/\" \/>\n<meta property=\"og:locale\" content=\"fr_FR\" \/>\n<meta property=\"og:type\" content=\"article\" \/>\n<meta property=\"og:title\" content=\"L\u2019\u00e9glise Saint-Joseph du Havre, 3 \u00e9toiles au guide Michelin - Gil Pivert\" \/>\n<meta property=\"og:description\" content=\"Le guide vert Michelin vient de d\u00e9cerner trois \u00e9toiles (vaut le voyage) \u00e0 l&#039;\u00e9glise Saint Joseph du Havre reconstruite par Auguste Perret.\" \/>\n<meta property=\"og:url\" content=\"https:\/\/www.gilpivert.fr\/index.php\/leglise-saint-joseph-du-havre-trois-etoiles-au-guide-michelin\/\" \/>\n<meta property=\"og:site_name\" content=\"Gil Pivert\" \/>\n<meta property=\"article:published_time\" content=\"2019-07-30T08:51:44+00:00\" \/>\n<meta property=\"article:modified_time\" content=\"2021-10-23T10:50:32+00:00\" \/>\n<meta property=\"og:image\" content=\"https:\/\/i2.wp.com\/www.gilpivert.fr\/wp-content\/uploads\/2019\/07\/St-Joseph-Le-Havre-1050551.jpg?fit=1200%2C900&ssl=1\" \/>\n\t<meta property=\"og:image:width\" content=\"1200\" \/>\n\t<meta property=\"og:image:height\" content=\"900\" \/>\n\t<meta property=\"og:image:type\" content=\"image\/jpeg\" \/>\n<meta name=\"author\" content=\"Gil\" \/>\n<meta name=\"twitter:card\" content=\"summary_large_image\" \/>\n<meta name=\"twitter:label1\" content=\"\u00c9crit par\" \/>\n\t<meta name=\"twitter:data1\" content=\"Gil\" \/>\n\t<meta name=\"twitter:label2\" content=\"Dur\u00e9e de lecture estim\u00e9e\" \/>\n\t<meta name=\"twitter:data2\" content=\"3 minutes\" \/>\n<script type=\"application\/ld+json\" class=\"yoast-schema-graph\">{\"@context\":\"https:\\\/\\\/schema.org\",\"@graph\":[{\"@type\":\"Article\",\"@id\":\"https:\\\/\\\/www.gilpivert.fr\\\/index.php\\\/leglise-saint-joseph-du-havre-trois-etoiles-au-guide-michelin\\\/#article\",\"isPartOf\":{\"@id\":\"https:\\\/\\\/www.gilpivert.fr\\\/index.php\\\/leglise-saint-joseph-du-havre-trois-etoiles-au-guide-michelin\\\/\"},\"author\":{\"name\":\"Gil\",\"@id\":\"https:\\\/\\\/www.gilpivert.fr\\\/#\\\/schema\\\/person\\\/a5197faf33e5954381f23d9cd3c00dbe\"},\"headline\":\"L\u2019\u00e9glise Saint-Joseph du Havre, 3 \u00e9toiles au guide Michelin\",\"datePublished\":\"2019-07-30T08:51:44+00:00\",\"dateModified\":\"2021-10-23T10:50:32+00:00\",\"mainEntityOfPage\":{\"@id\":\"https:\\\/\\\/www.gilpivert.fr\\\/index.php\\\/leglise-saint-joseph-du-havre-trois-etoiles-au-guide-michelin\\\/\"},\"wordCount\":496,\"commentCount\":0,\"publisher\":{\"@id\":\"https:\\\/\\\/www.gilpivert.fr\\\/#organization\"},\"image\":{\"@id\":\"https:\\\/\\\/www.gilpivert.fr\\\/index.php\\\/leglise-saint-joseph-du-havre-trois-etoiles-au-guide-michelin\\\/#primaryimage\"},\"thumbnailUrl\":\"https:\\\/\\\/i0.wp.com\\\/www.gilpivert.fr\\\/wp-content\\\/uploads\\\/2019\\\/07\\\/St-Joseph-Le-Havre-1050551.jpg?fit=1200%2C900&ssl=1\",\"articleSection\":[\"Le Blog\"],\"inLanguage\":\"fr-FR\",\"potentialAction\":[{\"@type\":\"CommentAction\",\"name\":\"Comment\",\"target\":[\"https:\\\/\\\/www.gilpivert.fr\\\/index.php\\\/leglise-saint-joseph-du-havre-trois-etoiles-au-guide-michelin\\\/#respond\"]}]},{\"@type\":\"WebPage\",\"@id\":\"https:\\\/\\\/www.gilpivert.fr\\\/index.php\\\/leglise-saint-joseph-du-havre-trois-etoiles-au-guide-michelin\\\/\",\"url\":\"https:\\\/\\\/www.gilpivert.fr\\\/index.php\\\/leglise-saint-joseph-du-havre-trois-etoiles-au-guide-michelin\\\/\",\"name\":\"L\u2019\u00e9glise Saint-Joseph du Havre, 3 \u00e9toiles au guide Michelin - Gil Pivert\",\"isPartOf\":{\"@id\":\"https:\\\/\\\/www.gilpivert.fr\\\/#website\"},\"primaryImageOfPage\":{\"@id\":\"https:\\\/\\\/www.gilpivert.fr\\\/index.php\\\/leglise-saint-joseph-du-havre-trois-etoiles-au-guide-michelin\\\/#primaryimage\"},\"image\":{\"@id\":\"https:\\\/\\\/www.gilpivert.fr\\\/index.php\\\/leglise-saint-joseph-du-havre-trois-etoiles-au-guide-michelin\\\/#primaryimage\"},\"thumbnailUrl\":\"https:\\\/\\\/i0.wp.com\\\/www.gilpivert.fr\\\/wp-content\\\/uploads\\\/2019\\\/07\\\/St-Joseph-Le-Havre-1050551.jpg?fit=1200%2C900&ssl=1\",\"datePublished\":\"2019-07-30T08:51:44+00:00\",\"dateModified\":\"2021-10-23T10:50:32+00:00\",\"description\":\"Le guide vert Michelin vient de d\u00e9cerner trois \u00e9toiles (vaut le voyage) \u00e0 l'\u00e9glise Saint Joseph du Havre reconstruite par Auguste Perret.\",\"breadcrumb\":{\"@id\":\"https:\\\/\\\/www.gilpivert.fr\\\/index.php\\\/leglise-saint-joseph-du-havre-trois-etoiles-au-guide-michelin\\\/#breadcrumb\"},\"inLanguage\":\"fr-FR\",\"potentialAction\":[{\"@type\":\"ReadAction\",\"target\":[\"https:\\\/\\\/www.gilpivert.fr\\\/index.php\\\/leglise-saint-joseph-du-havre-trois-etoiles-au-guide-michelin\\\/\"]}]},{\"@type\":\"ImageObject\",\"inLanguage\":\"fr-FR\",\"@id\":\"https:\\\/\\\/www.gilpivert.fr\\\/index.php\\\/leglise-saint-joseph-du-havre-trois-etoiles-au-guide-michelin\\\/#primaryimage\",\"url\":\"https:\\\/\\\/i0.wp.com\\\/www.gilpivert.fr\\\/wp-content\\\/uploads\\\/2019\\\/07\\\/St-Joseph-Le-Havre-1050551.jpg?fit=1200%2C900&ssl=1\",\"contentUrl\":\"https:\\\/\\\/i0.wp.com\\\/www.gilpivert.fr\\\/wp-content\\\/uploads\\\/2019\\\/07\\\/St-Joseph-Le-Havre-1050551.jpg?fit=1200%2C900&ssl=1\",\"width\":1200,\"height\":900,\"caption\":\"Tour lanterne de l'\u00e9glise Saint Joseph du Havre\"},{\"@type\":\"BreadcrumbList\",\"@id\":\"https:\\\/\\\/www.gilpivert.fr\\\/index.php\\\/leglise-saint-joseph-du-havre-trois-etoiles-au-guide-michelin\\\/#breadcrumb\",\"itemListElement\":[{\"@type\":\"ListItem\",\"position\":1,\"name\":\"Accueil\",\"item\":\"https:\\\/\\\/www.gilpivert.fr\\\/\"},{\"@type\":\"ListItem\",\"position\":2,\"name\":\"L\u2019\u00e9glise Saint-Joseph du Havre, 3 \u00e9toiles au guide Michelin\"}]},{\"@type\":\"WebSite\",\"@id\":\"https:\\\/\\\/www.gilpivert.fr\\\/#website\",\"url\":\"https:\\\/\\\/www.gilpivert.fr\\\/\",\"name\":\"Gil Pivert\",\"description\":\"Photos d\u2019art, culture et partage : R\u00eaver les yeux ouverts\",\"publisher\":{\"@id\":\"https:\\\/\\\/www.gilpivert.fr\\\/#organization\"},\"potentialAction\":[{\"@type\":\"SearchAction\",\"target\":{\"@type\":\"EntryPoint\",\"urlTemplate\":\"https:\\\/\\\/www.gilpivert.fr\\\/?s={search_term_string}\"},\"query-input\":{\"@type\":\"PropertyValueSpecification\",\"valueRequired\":true,\"valueName\":\"search_term_string\"}}],\"inLanguage\":\"fr-FR\"},{\"@type\":\"Organization\",\"@id\":\"https:\\\/\\\/www.gilpivert.fr\\\/#organization\",\"name\":\"Gil Pivert\",\"url\":\"https:\\\/\\\/www.gilpivert.fr\\\/\",\"logo\":{\"@type\":\"ImageObject\",\"inLanguage\":\"fr-FR\",\"@id\":\"https:\\\/\\\/www.gilpivert.fr\\\/#\\\/schema\\\/logo\\\/image\\\/\",\"url\":\"https:\\\/\\\/i1.wp.com\\\/www.gilpivert.fr\\\/wp-content\\\/uploads\\\/2019\\\/08\\\/Logo-GP-J400p.png?fit=400%2C187&ssl=1\",\"contentUrl\":\"https:\\\/\\\/i1.wp.com\\\/www.gilpivert.fr\\\/wp-content\\\/uploads\\\/2019\\\/08\\\/Logo-GP-J400p.png?fit=400%2C187&ssl=1\",\"width\":400,\"height\":187,\"caption\":\"Gil Pivert\"},\"image\":{\"@id\":\"https:\\\/\\\/www.gilpivert.fr\\\/#\\\/schema\\\/logo\\\/image\\\/\"},\"sameAs\":[\"http:\\\/\\\/gil.pivert\"]},{\"@type\":\"Person\",\"@id\":\"https:\\\/\\\/www.gilpivert.fr\\\/#\\\/schema\\\/person\\\/a5197faf33e5954381f23d9cd3c00dbe\",\"name\":\"Gil\",\"image\":{\"@type\":\"ImageObject\",\"inLanguage\":\"fr-FR\",\"@id\":\"https:\\\/\\\/secure.gravatar.com\\\/avatar\\\/61d80805d8b255e6483eb57949727c5ec8c68890a8be108a3f0f1fc1e47f8130?s=96&d=retro&r=g\",\"url\":\"https:\\\/\\\/secure.gravatar.com\\\/avatar\\\/61d80805d8b255e6483eb57949727c5ec8c68890a8be108a3f0f1fc1e47f8130?s=96&d=retro&r=g\",\"contentUrl\":\"https:\\\/\\\/secure.gravatar.com\\\/avatar\\\/61d80805d8b255e6483eb57949727c5ec8c68890a8be108a3f0f1fc1e47f8130?s=96&d=retro&r=g\",\"caption\":\"Gil\"},\"sameAs\":[\"https:\\\/\\\/www.gilpivert.fr\\\/\"]}]}<\/script>\n<!-- \/ Yoast SEO plugin. -->","yoast_head_json":{"title":"L\u2019\u00e9glise Saint-Joseph du Havre, 3 \u00e9toiles au guide Michelin - Gil Pivert","description":"Le guide vert Michelin vient de d\u00e9cerner trois \u00e9toiles (vaut le voyage) \u00e0 l'\u00e9glise Saint Joseph du Havre reconstruite par Auguste Perret.","robots":{"index":"index","follow":"follow","max-snippet":"max-snippet:-1","max-image-preview":"max-image-preview:large","max-video-preview":"max-video-preview:-1"},"canonical":"https:\/\/www.gilpivert.fr\/index.php\/leglise-saint-joseph-du-havre-trois-etoiles-au-guide-michelin\/","og_locale":"fr_FR","og_type":"article","og_title":"L\u2019\u00e9glise Saint-Joseph du Havre, 3 \u00e9toiles au guide Michelin - Gil Pivert","og_description":"Le guide vert Michelin vient de d\u00e9cerner trois \u00e9toiles (vaut le voyage) \u00e0 l'\u00e9glise Saint Joseph du Havre reconstruite par Auguste Perret.","og_url":"https:\/\/www.gilpivert.fr\/index.php\/leglise-saint-joseph-du-havre-trois-etoiles-au-guide-michelin\/","og_site_name":"Gil Pivert","article_published_time":"2019-07-30T08:51:44+00:00","article_modified_time":"2021-10-23T10:50:32+00:00","og_image":[{"width":1200,"height":900,"url":"https:\/\/i2.wp.com\/www.gilpivert.fr\/wp-content\/uploads\/2019\/07\/St-Joseph-Le-Havre-1050551.jpg?fit=1200%2C900&ssl=1","type":"image\/jpeg"}],"author":"Gil","twitter_card":"summary_large_image","twitter_misc":{"\u00c9crit par":"Gil","Dur\u00e9e de lecture estim\u00e9e":"3 minutes"},"schema":{"@context":"https:\/\/schema.org","@graph":[{"@type":"Article","@id":"https:\/\/www.gilpivert.fr\/index.php\/leglise-saint-joseph-du-havre-trois-etoiles-au-guide-michelin\/#article","isPartOf":{"@id":"https:\/\/www.gilpivert.fr\/index.php\/leglise-saint-joseph-du-havre-trois-etoiles-au-guide-michelin\/"},"author":{"name":"Gil","@id":"https:\/\/www.gilpivert.fr\/#\/schema\/person\/a5197faf33e5954381f23d9cd3c00dbe"},"headline":"L\u2019\u00e9glise Saint-Joseph du Havre, 3 \u00e9toiles au guide Michelin","datePublished":"2019-07-30T08:51:44+00:00","dateModified":"2021-10-23T10:50:32+00:00","mainEntityOfPage":{"@id":"https:\/\/www.gilpivert.fr\/index.php\/leglise-saint-joseph-du-havre-trois-etoiles-au-guide-michelin\/"},"wordCount":496,"commentCount":0,"publisher":{"@id":"https:\/\/www.gilpivert.fr\/#organization"},"image":{"@id":"https:\/\/www.gilpivert.fr\/index.php\/leglise-saint-joseph-du-havre-trois-etoiles-au-guide-michelin\/#primaryimage"},"thumbnailUrl":"https:\/\/i0.wp.com\/www.gilpivert.fr\/wp-content\/uploads\/2019\/07\/St-Joseph-Le-Havre-1050551.jpg?fit=1200%2C900&ssl=1","articleSection":["Le Blog"],"inLanguage":"fr-FR","potentialAction":[{"@type":"CommentAction","name":"Comment","target":["https:\/\/www.gilpivert.fr\/index.php\/leglise-saint-joseph-du-havre-trois-etoiles-au-guide-michelin\/#respond"]}]},{"@type":"WebPage","@id":"https:\/\/www.gilpivert.fr\/index.php\/leglise-saint-joseph-du-havre-trois-etoiles-au-guide-michelin\/","url":"https:\/\/www.gilpivert.fr\/index.php\/leglise-saint-joseph-du-havre-trois-etoiles-au-guide-michelin\/","name":"L\u2019\u00e9glise Saint-Joseph du Havre, 3 \u00e9toiles au guide Michelin - Gil Pivert","isPartOf":{"@id":"https:\/\/www.gilpivert.fr\/#website"},"primaryImageOfPage":{"@id":"https:\/\/www.gilpivert.fr\/index.php\/leglise-saint-joseph-du-havre-trois-etoiles-au-guide-michelin\/#primaryimage"},"image":{"@id":"https:\/\/www.gilpivert.fr\/index.php\/leglise-saint-joseph-du-havre-trois-etoiles-au-guide-michelin\/#primaryimage"},"thumbnailUrl":"https:\/\/i0.wp.com\/www.gilpivert.fr\/wp-content\/uploads\/2019\/07\/St-Joseph-Le-Havre-1050551.jpg?fit=1200%2C900&ssl=1","datePublished":"2019-07-30T08:51:44+00:00","dateModified":"2021-10-23T10:50:32+00:00","description":"Le guide vert Michelin vient de d\u00e9cerner trois \u00e9toiles (vaut le voyage) \u00e0 l'\u00e9glise Saint Joseph du Havre reconstruite par Auguste Perret.","breadcrumb":{"@id":"https:\/\/www.gilpivert.fr\/index.php\/leglise-saint-joseph-du-havre-trois-etoiles-au-guide-michelin\/#breadcrumb"},"inLanguage":"fr-FR","potentialAction":[{"@type":"ReadAction","target":["https:\/\/www.gilpivert.fr\/index.php\/leglise-saint-joseph-du-havre-trois-etoiles-au-guide-michelin\/"]}]},{"@type":"ImageObject","inLanguage":"fr-FR","@id":"https:\/\/www.gilpivert.fr\/index.php\/leglise-saint-joseph-du-havre-trois-etoiles-au-guide-michelin\/#primaryimage","url":"https:\/\/i0.wp.com\/www.gilpivert.fr\/wp-content\/uploads\/2019\/07\/St-Joseph-Le-Havre-1050551.jpg?fit=1200%2C900&ssl=1","contentUrl":"https:\/\/i0.wp.com\/www.gilpivert.fr\/wp-content\/uploads\/2019\/07\/St-Joseph-Le-Havre-1050551.jpg?fit=1200%2C900&ssl=1","width":1200,"height":900,"caption":"Tour lanterne de l'\u00e9glise Saint Joseph du Havre"},{"@type":"BreadcrumbList","@id":"https:\/\/www.gilpivert.fr\/index.php\/leglise-saint-joseph-du-havre-trois-etoiles-au-guide-michelin\/#breadcrumb","itemListElement":[{"@type":"ListItem","position":1,"name":"Accueil","item":"https:\/\/www.gilpivert.fr\/"},{"@type":"ListItem","position":2,"name":"L\u2019\u00e9glise Saint-Joseph du Havre, 3 \u00e9toiles au guide Michelin"}]},{"@type":"WebSite","@id":"https:\/\/www.gilpivert.fr\/#website","url":"https:\/\/www.gilpivert.fr\/","name":"Gil Pivert","description":"Photos d\u2019art, culture et partage : R\u00eaver les yeux ouverts","publisher":{"@id":"https:\/\/www.gilpivert.fr\/#organization"},"potentialAction":[{"@type":"SearchAction","target":{"@type":"EntryPoint","urlTemplate":"https:\/\/www.gilpivert.fr\/?s={search_term_string}"},"query-input":{"@type":"PropertyValueSpecification","valueRequired":true,"valueName":"search_term_string"}}],"inLanguage":"fr-FR"},{"@type":"Organization","@id":"https:\/\/www.gilpivert.fr\/#organization","name":"Gil Pivert","url":"https:\/\/www.gilpivert.fr\/","logo":{"@type":"ImageObject","inLanguage":"fr-FR","@id":"https:\/\/www.gilpivert.fr\/#\/schema\/logo\/image\/","url":"https:\/\/i1.wp.com\/www.gilpivert.fr\/wp-content\/uploads\/2019\/08\/Logo-GP-J400p.png?fit=400%2C187&ssl=1","contentUrl":"https:\/\/i1.wp.com\/www.gilpivert.fr\/wp-content\/uploads\/2019\/08\/Logo-GP-J400p.png?fit=400%2C187&ssl=1","width":400,"height":187,"caption":"Gil Pivert"},"image":{"@id":"https:\/\/www.gilpivert.fr\/#\/schema\/logo\/image\/"},"sameAs":["http:\/\/gil.pivert"]},{"@type":"Person","@id":"https:\/\/www.gilpivert.fr\/#\/schema\/person\/a5197faf33e5954381f23d9cd3c00dbe","name":"Gil","image":{"@type":"ImageObject","inLanguage":"fr-FR","@id":"https:\/\/secure.gravatar.com\/avatar\/61d80805d8b255e6483eb57949727c5ec8c68890a8be108a3f0f1fc1e47f8130?s=96&d=retro&r=g","url":"https:\/\/secure.gravatar.com\/avatar\/61d80805d8b255e6483eb57949727c5ec8c68890a8be108a3f0f1fc1e47f8130?s=96&d=retro&r=g","contentUrl":"https:\/\/secure.gravatar.com\/avatar\/61d80805d8b255e6483eb57949727c5ec8c68890a8be108a3f0f1fc1e47f8130?s=96&d=retro&r=g","caption":"Gil"},"sameAs":["https:\/\/www.gilpivert.fr\/"]}]}},"jetpack_featured_media_url":"https:\/\/i0.wp.com\/www.gilpivert.fr\/wp-content\/uploads\/2019\/07\/St-Joseph-Le-Havre-1050551.jpg?fit=1200%2C900&ssl=1","jetpack_shortlink":"https:\/\/wp.me\/paTRHF-qV","jetpack_likes_enabled":false,"jetpack_sharing_enabled":true,"_links":{"self":[{"href":"https:\/\/www.gilpivert.fr\/index.php\/wp-json\/wp\/v2\/posts\/1669","targetHints":{"allow":["GET"]}}],"collection":[{"href":"https:\/\/www.gilpivert.fr\/index.php\/wp-json\/wp\/v2\/posts"}],"about":[{"href":"https:\/\/www.gilpivert.fr\/index.php\/wp-json\/wp\/v2\/types\/post"}],"author":[{"embeddable":true,"href":"https:\/\/www.gilpivert.fr\/index.php\/wp-json\/wp\/v2\/users\/1"}],"replies":[{"embeddable":true,"href":"https:\/\/www.gilpivert.fr\/index.php\/wp-json\/wp\/v2\/comments?post=1669"}],"version-history":[{"count":27,"href":"https:\/\/www.gilpivert.fr\/index.php\/wp-json\/wp\/v2\/posts\/1669\/revisions"}],"predecessor-version":[{"id":6375,"href":"https:\/\/www.gilpivert.fr\/index.php\/wp-json\/wp\/v2\/posts\/1669\/revisions\/6375"}],"wp:featuredmedia":[{"embeddable":true,"href":"https:\/\/www.gilpivert.fr\/index.php\/wp-json\/wp\/v2\/media\/1679"}],"wp:attachment":[{"href":"https:\/\/www.gilpivert.fr\/index.php\/wp-json\/wp\/v2\/media?parent=1669"}],"wp:term":[{"taxonomy":"category","embeddable":true,"href":"https:\/\/www.gilpivert.fr\/index.php\/wp-json\/wp\/v2\/categories?post=1669"},{"taxonomy":"post_tag","embeddable":true,"href":"https:\/\/www.gilpivert.fr\/index.php\/wp-json\/wp\/v2\/tags?post=1669"}],"curies":[{"name":"wp","href":"https:\/\/api.w.org\/{rel}","templated":true}]}}