{"id":1439,"date":"2019-06-06T19:33:58","date_gmt":"2019-06-06T17:33:58","guid":{"rendered":"https:\/\/gilpivert.fr\/?p=1439"},"modified":"2019-07-11T10:10:05","modified_gmt":"2019-07-11T08:10:05","slug":"album-souvenir-du-connemara","status":"publish","type":"post","link":"https:\/\/www.gilpivert.fr\/index.php\/album-souvenir-du-connemara\/","title":{"rendered":"Carte postale du Connemara"},"content":{"rendered":"\n<p>Je vous adresse ces quelques vues d&rsquo;un r\u00e9cent voyage dans l&rsquo;ouest de l&rsquo;Irlande. Cette terre est magnifique entre montagnes anciennes, lacs noirs et c\u00f4te d\u00e9chiquet\u00e9e. Le ciel y est particuli\u00e8rement photog\u00e9nique et, si le bleu est de la partie, se pr\u00eate aussi bien aux interpr\u00e9tations en couleur qu&rsquo;en noir et blanc.<\/p>\n\n\n\n<p>Voici donc mes clich\u00e9s en couleur :<\/p>\n\n\n\nngg_shortcode_0_placeholder\n\n\n\n<p>Et en noir et blanc :<\/p>\n\n\n\nngg_shortcode_1_placeholder\n\n\n\n<p>Pour aller plus loin dans la visite de ce magnifique pays, j&rsquo;ai r\u00e9dig\u00e9 un article sur mon voyage dans l&rsquo;ouest irlandais : <a href=\"https:\/\/gilpivert.fr\/index.php\/2019\/07\/06\/la-bas-au-connemara\/\">L\u00e0 bas au Connemara&#8230;\u00a0<\/a><\/p>\n","protected":false},"excerpt":{"rendered":"<p>Je vous adresse ces quelques vues d&rsquo;un r\u00e9cent voyage dans l&rsquo;ouest de l&rsquo;Irlande. Cette terre est magnifique entre montagnes anciennes, lacs noirs et c\u00f4te d\u00e9chiquet\u00e9e. Le ciel y est particuli\u00e8rement photog\u00e9nique et, si le bleu est de la partie, se [&hellip;]<\/p>\n","protected":false},"author":1,"featured_media":1480,"comment_status":"open","ping_status":"open","sticky":false,"template":"","format":"standard","meta":{"ngg_post_thumbnail":0,"_jetpack_memberships_contains_paid_content":false,"footnotes":""},"categories":[6],"tags":[],"class_list":["post-1439","post","type-post","status-publish","format-standard","has-post-thumbnail","hentry","category-le-blog"],"yoast_head":"<!-- This site is optimized with the Yoast SEO plugin v27.5 - https:\/\/yoast.com\/product\/yoast-seo-wordpress\/ -->\n<title>Carte postale du Connemara - Gil Pivert<\/title>\n<meta name=\"description\" content=\"Galerie photographique de Gil Pivert. Portfolios de ses travaux, book et blog pour \u00e9changer autour de l&#039;image et des voyages.\" \/>\n<meta name=\"robots\" content=\"index, follow, max-snippet:-1, max-image-preview:large, max-video-preview:-1\" \/>\n<link rel=\"canonical\" href=\"https:\/\/www.gilpivert.fr\/index.php\/album-souvenir-du-connemara\/\" \/>\n<meta property=\"og:locale\" content=\"fr_FR\" \/>\n<meta property=\"og:type\" content=\"article\" \/>\n<meta property=\"og:title\" content=\"Carte postale du Connemara - Gil Pivert\" \/>\n<meta property=\"og:description\" content=\"Galerie photographique de Gil Pivert. Portfolios de ses travaux, book et blog pour \u00e9changer autour de l&#039;image et des voyages.\" \/>\n<meta property=\"og:url\" content=\"https:\/\/www.gilpivert.fr\/index.php\/album-souvenir-du-connemara\/\" \/>\n<meta property=\"og:site_name\" content=\"Gil Pivert\" \/>\n<meta property=\"article:published_time\" content=\"2019-06-06T17:33:58+00:00\" \/>\n<meta property=\"article:modified_time\" content=\"2019-07-11T08:10:05+00:00\" \/>\n<meta property=\"og:image\" content=\"https:\/\/i2.wp.com\/www.gilpivert.fr\/wp-content\/uploads\/2019\/06\/Irlande-2.jpg?fit=1200%2C900&ssl=1\" \/>\n\t<meta property=\"og:image:width\" content=\"1200\" \/>\n\t<meta property=\"og:image:height\" content=\"900\" \/>\n\t<meta property=\"og:image:type\" content=\"image\/jpeg\" \/>\n<meta name=\"author\" content=\"Gil\" \/>\n<meta name=\"twitter:card\" content=\"summary_large_image\" \/>\n<meta name=\"twitter:label1\" content=\"\u00c9crit par\" \/>\n\t<meta name=\"twitter:data1\" content=\"Gil\" \/>\n\t<meta name=\"twitter:label2\" content=\"Dur\u00e9e de lecture estim\u00e9e\" \/>\n\t<meta name=\"twitter:data2\" content=\"1 minute\" \/>\n<script type=\"application\/ld+json\" class=\"yoast-schema-graph\">{\"@context\":\"https:\\\/\\\/schema.org\",\"@graph\":[{\"@type\":\"Article\",\"@id\":\"https:\\\/\\\/www.gilpivert.fr\\\/index.php\\\/album-souvenir-du-connemara\\\/#article\",\"isPartOf\":{\"@id\":\"https:\\\/\\\/www.gilpivert.fr\\\/index.php\\\/album-souvenir-du-connemara\\\/\"},\"author\":{\"name\":\"Gil\",\"@id\":\"https:\\\/\\\/www.gilpivert.fr\\\/#\\\/schema\\\/person\\\/a5197faf33e5954381f23d9cd3c00dbe\"},\"headline\":\"Carte postale du Connemara\",\"datePublished\":\"2019-06-06T17:33:58+00:00\",\"dateModified\":\"2019-07-11T08:10:05+00:00\",\"mainEntityOfPage\":{\"@id\":\"https:\\\/\\\/www.gilpivert.fr\\\/index.php\\\/album-souvenir-du-connemara\\\/\"},\"wordCount\":121,\"commentCount\":3,\"publisher\":{\"@id\":\"https:\\\/\\\/www.gilpivert.fr\\\/#organization\"},\"image\":{\"@id\":\"https:\\\/\\\/www.gilpivert.fr\\\/index.php\\\/album-souvenir-du-connemara\\\/#primaryimage\"},\"thumbnailUrl\":\"https:\\\/\\\/i0.wp.com\\\/www.gilpivert.fr\\\/wp-content\\\/uploads\\\/2019\\\/06\\\/Irlande-2.jpg?fit=1200%2C900&ssl=1\",\"articleSection\":[\"Le Blog\"],\"inLanguage\":\"fr-FR\",\"potentialAction\":[{\"@type\":\"CommentAction\",\"name\":\"Comment\",\"target\":[\"https:\\\/\\\/www.gilpivert.fr\\\/index.php\\\/album-souvenir-du-connemara\\\/#respond\"]}]},{\"@type\":\"WebPage\",\"@id\":\"https:\\\/\\\/www.gilpivert.fr\\\/index.php\\\/album-souvenir-du-connemara\\\/\",\"url\":\"https:\\\/\\\/www.gilpivert.fr\\\/index.php\\\/album-souvenir-du-connemara\\\/\",\"name\":\"Carte postale du Connemara - Gil Pivert\",\"isPartOf\":{\"@id\":\"https:\\\/\\\/www.gilpivert.fr\\\/#website\"},\"primaryImageOfPage\":{\"@id\":\"https:\\\/\\\/www.gilpivert.fr\\\/index.php\\\/album-souvenir-du-connemara\\\/#primaryimage\"},\"image\":{\"@id\":\"https:\\\/\\\/www.gilpivert.fr\\\/index.php\\\/album-souvenir-du-connemara\\\/#primaryimage\"},\"thumbnailUrl\":\"https:\\\/\\\/i0.wp.com\\\/www.gilpivert.fr\\\/wp-content\\\/uploads\\\/2019\\\/06\\\/Irlande-2.jpg?fit=1200%2C900&ssl=1\",\"datePublished\":\"2019-06-06T17:33:58+00:00\",\"dateModified\":\"2019-07-11T08:10:05+00:00\",\"description\":\"Galerie photographique de Gil Pivert. Portfolios de ses travaux, book et blog pour \u00e9changer autour de l'image et des voyages.\",\"breadcrumb\":{\"@id\":\"https:\\\/\\\/www.gilpivert.fr\\\/index.php\\\/album-souvenir-du-connemara\\\/#breadcrumb\"},\"inLanguage\":\"fr-FR\",\"potentialAction\":[{\"@type\":\"ReadAction\",\"target\":[\"https:\\\/\\\/www.gilpivert.fr\\\/index.php\\\/album-souvenir-du-connemara\\\/\"]}]},{\"@type\":\"ImageObject\",\"inLanguage\":\"fr-FR\",\"@id\":\"https:\\\/\\\/www.gilpivert.fr\\\/index.php\\\/album-souvenir-du-connemara\\\/#primaryimage\",\"url\":\"https:\\\/\\\/i0.wp.com\\\/www.gilpivert.fr\\\/wp-content\\\/uploads\\\/2019\\\/06\\\/Irlande-2.jpg?fit=1200%2C900&ssl=1\",\"contentUrl\":\"https:\\\/\\\/i0.wp.com\\\/www.gilpivert.fr\\\/wp-content\\\/uploads\\\/2019\\\/06\\\/Irlande-2.jpg?fit=1200%2C900&ssl=1\",\"width\":1200,\"height\":900,\"caption\":\"Port de Derryherbert\"},{\"@type\":\"BreadcrumbList\",\"@id\":\"https:\\\/\\\/www.gilpivert.fr\\\/index.php\\\/album-souvenir-du-connemara\\\/#breadcrumb\",\"itemListElement\":[{\"@type\":\"ListItem\",\"position\":1,\"name\":\"Accueil\",\"item\":\"https:\\\/\\\/www.gilpivert.fr\\\/\"},{\"@type\":\"ListItem\",\"position\":2,\"name\":\"Carte postale du Connemara\"}]},{\"@type\":\"WebSite\",\"@id\":\"https:\\\/\\\/www.gilpivert.fr\\\/#website\",\"url\":\"https:\\\/\\\/www.gilpivert.fr\\\/\",\"name\":\"Gil Pivert\",\"description\":\"Photos d\u2019art, culture et partage : R\u00eaver les yeux ouverts\",\"publisher\":{\"@id\":\"https:\\\/\\\/www.gilpivert.fr\\\/#organization\"},\"potentialAction\":[{\"@type\":\"SearchAction\",\"target\":{\"@type\":\"EntryPoint\",\"urlTemplate\":\"https:\\\/\\\/www.gilpivert.fr\\\/?s={search_term_string}\"},\"query-input\":{\"@type\":\"PropertyValueSpecification\",\"valueRequired\":true,\"valueName\":\"search_term_string\"}}],\"inLanguage\":\"fr-FR\"},{\"@type\":\"Organization\",\"@id\":\"https:\\\/\\\/www.gilpivert.fr\\\/#organization\",\"name\":\"Gil Pivert\",\"url\":\"https:\\\/\\\/www.gilpivert.fr\\\/\",\"logo\":{\"@type\":\"ImageObject\",\"inLanguage\":\"fr-FR\",\"@id\":\"https:\\\/\\\/www.gilpivert.fr\\\/#\\\/schema\\\/logo\\\/image\\\/\",\"url\":\"https:\\\/\\\/i1.wp.com\\\/www.gilpivert.fr\\\/wp-content\\\/uploads\\\/2019\\\/08\\\/Logo-GP-J400p.png?fit=400%2C187&ssl=1\",\"contentUrl\":\"https:\\\/\\\/i1.wp.com\\\/www.gilpivert.fr\\\/wp-content\\\/uploads\\\/2019\\\/08\\\/Logo-GP-J400p.png?fit=400%2C187&ssl=1\",\"width\":400,\"height\":187,\"caption\":\"Gil Pivert\"},\"image\":{\"@id\":\"https:\\\/\\\/www.gilpivert.fr\\\/#\\\/schema\\\/logo\\\/image\\\/\"},\"sameAs\":[\"http:\\\/\\\/gil.pivert\"]},{\"@type\":\"Person\",\"@id\":\"https:\\\/\\\/www.gilpivert.fr\\\/#\\\/schema\\\/person\\\/a5197faf33e5954381f23d9cd3c00dbe\",\"name\":\"Gil\",\"image\":{\"@type\":\"ImageObject\",\"inLanguage\":\"fr-FR\",\"@id\":\"https:\\\/\\\/secure.gravatar.com\\\/avatar\\\/61d80805d8b255e6483eb57949727c5ec8c68890a8be108a3f0f1fc1e47f8130?s=96&d=retro&r=g\",\"url\":\"https:\\\/\\\/secure.gravatar.com\\\/avatar\\\/61d80805d8b255e6483eb57949727c5ec8c68890a8be108a3f0f1fc1e47f8130?s=96&d=retro&r=g\",\"contentUrl\":\"https:\\\/\\\/secure.gravatar.com\\\/avatar\\\/61d80805d8b255e6483eb57949727c5ec8c68890a8be108a3f0f1fc1e47f8130?s=96&d=retro&r=g\",\"caption\":\"Gil\"},\"sameAs\":[\"https:\\\/\\\/www.gilpivert.fr\\\/\"]}]}<\/script>\n<!-- \/ Yoast SEO plugin. -->","yoast_head_json":{"title":"Carte postale du Connemara - Gil Pivert","description":"Galerie photographique de Gil Pivert. Portfolios de ses travaux, book et blog pour \u00e9changer autour de l'image et des voyages.","robots":{"index":"index","follow":"follow","max-snippet":"max-snippet:-1","max-image-preview":"max-image-preview:large","max-video-preview":"max-video-preview:-1"},"canonical":"https:\/\/www.gilpivert.fr\/index.php\/album-souvenir-du-connemara\/","og_locale":"fr_FR","og_type":"article","og_title":"Carte postale du Connemara - Gil Pivert","og_description":"Galerie photographique de Gil Pivert. Portfolios de ses travaux, book et blog pour \u00e9changer autour de l'image et des voyages.","og_url":"https:\/\/www.gilpivert.fr\/index.php\/album-souvenir-du-connemara\/","og_site_name":"Gil Pivert","article_published_time":"2019-06-06T17:33:58+00:00","article_modified_time":"2019-07-11T08:10:05+00:00","og_image":[{"width":1200,"height":900,"url":"https:\/\/i2.wp.com\/www.gilpivert.fr\/wp-content\/uploads\/2019\/06\/Irlande-2.jpg?fit=1200%2C900&ssl=1","type":"image\/jpeg"}],"author":"Gil","twitter_card":"summary_large_image","twitter_misc":{"\u00c9crit par":"Gil","Dur\u00e9e de lecture estim\u00e9e":"1 minute"},"schema":{"@context":"https:\/\/schema.org","@graph":[{"@type":"Article","@id":"https:\/\/www.gilpivert.fr\/index.php\/album-souvenir-du-connemara\/#article","isPartOf":{"@id":"https:\/\/www.gilpivert.fr\/index.php\/album-souvenir-du-connemara\/"},"author":{"name":"Gil","@id":"https:\/\/www.gilpivert.fr\/#\/schema\/person\/a5197faf33e5954381f23d9cd3c00dbe"},"headline":"Carte postale du Connemara","datePublished":"2019-06-06T17:33:58+00:00","dateModified":"2019-07-11T08:10:05+00:00","mainEntityOfPage":{"@id":"https:\/\/www.gilpivert.fr\/index.php\/album-souvenir-du-connemara\/"},"wordCount":121,"commentCount":3,"publisher":{"@id":"https:\/\/www.gilpivert.fr\/#organization"},"image":{"@id":"https:\/\/www.gilpivert.fr\/index.php\/album-souvenir-du-connemara\/#primaryimage"},"thumbnailUrl":"https:\/\/i0.wp.com\/www.gilpivert.fr\/wp-content\/uploads\/2019\/06\/Irlande-2.jpg?fit=1200%2C900&ssl=1","articleSection":["Le Blog"],"inLanguage":"fr-FR","potentialAction":[{"@type":"CommentAction","name":"Comment","target":["https:\/\/www.gilpivert.fr\/index.php\/album-souvenir-du-connemara\/#respond"]}]},{"@type":"WebPage","@id":"https:\/\/www.gilpivert.fr\/index.php\/album-souvenir-du-connemara\/","url":"https:\/\/www.gilpivert.fr\/index.php\/album-souvenir-du-connemara\/","name":"Carte postale du Connemara - Gil Pivert","isPartOf":{"@id":"https:\/\/www.gilpivert.fr\/#website"},"primaryImageOfPage":{"@id":"https:\/\/www.gilpivert.fr\/index.php\/album-souvenir-du-connemara\/#primaryimage"},"image":{"@id":"https:\/\/www.gilpivert.fr\/index.php\/album-souvenir-du-connemara\/#primaryimage"},"thumbnailUrl":"https:\/\/i0.wp.com\/www.gilpivert.fr\/wp-content\/uploads\/2019\/06\/Irlande-2.jpg?fit=1200%2C900&ssl=1","datePublished":"2019-06-06T17:33:58+00:00","dateModified":"2019-07-11T08:10:05+00:00","description":"Galerie photographique de Gil Pivert. Portfolios de ses travaux, book et blog pour \u00e9changer autour de l'image et des voyages.","breadcrumb":{"@id":"https:\/\/www.gilpivert.fr\/index.php\/album-souvenir-du-connemara\/#breadcrumb"},"inLanguage":"fr-FR","potentialAction":[{"@type":"ReadAction","target":["https:\/\/www.gilpivert.fr\/index.php\/album-souvenir-du-connemara\/"]}]},{"@type":"ImageObject","inLanguage":"fr-FR","@id":"https:\/\/www.gilpivert.fr\/index.php\/album-souvenir-du-connemara\/#primaryimage","url":"https:\/\/i0.wp.com\/www.gilpivert.fr\/wp-content\/uploads\/2019\/06\/Irlande-2.jpg?fit=1200%2C900&ssl=1","contentUrl":"https:\/\/i0.wp.com\/www.gilpivert.fr\/wp-content\/uploads\/2019\/06\/Irlande-2.jpg?fit=1200%2C900&ssl=1","width":1200,"height":900,"caption":"Port de Derryherbert"},{"@type":"BreadcrumbList","@id":"https:\/\/www.gilpivert.fr\/index.php\/album-souvenir-du-connemara\/#breadcrumb","itemListElement":[{"@type":"ListItem","position":1,"name":"Accueil","item":"https:\/\/www.gilpivert.fr\/"},{"@type":"ListItem","position":2,"name":"Carte postale du Connemara"}]},{"@type":"WebSite","@id":"https:\/\/www.gilpivert.fr\/#website","url":"https:\/\/www.gilpivert.fr\/","name":"Gil Pivert","description":"Photos d\u2019art, culture et partage : R\u00eaver les yeux ouverts","publisher":{"@id":"https:\/\/www.gilpivert.fr\/#organization"},"potentialAction":[{"@type":"SearchAction","target":{"@type":"EntryPoint","urlTemplate":"https:\/\/www.gilpivert.fr\/?s={search_term_string}"},"query-input":{"@type":"PropertyValueSpecification","valueRequired":true,"valueName":"search_term_string"}}],"inLanguage":"fr-FR"},{"@type":"Organization","@id":"https:\/\/www.gilpivert.fr\/#organization","name":"Gil Pivert","url":"https:\/\/www.gilpivert.fr\/","logo":{"@type":"ImageObject","inLanguage":"fr-FR","@id":"https:\/\/www.gilpivert.fr\/#\/schema\/logo\/image\/","url":"https:\/\/i1.wp.com\/www.gilpivert.fr\/wp-content\/uploads\/2019\/08\/Logo-GP-J400p.png?fit=400%2C187&ssl=1","contentUrl":"https:\/\/i1.wp.com\/www.gilpivert.fr\/wp-content\/uploads\/2019\/08\/Logo-GP-J400p.png?fit=400%2C187&ssl=1","width":400,"height":187,"caption":"Gil Pivert"},"image":{"@id":"https:\/\/www.gilpivert.fr\/#\/schema\/logo\/image\/"},"sameAs":["http:\/\/gil.pivert"]},{"@type":"Person","@id":"https:\/\/www.gilpivert.fr\/#\/schema\/person\/a5197faf33e5954381f23d9cd3c00dbe","name":"Gil","image":{"@type":"ImageObject","inLanguage":"fr-FR","@id":"https:\/\/secure.gravatar.com\/avatar\/61d80805d8b255e6483eb57949727c5ec8c68890a8be108a3f0f1fc1e47f8130?s=96&d=retro&r=g","url":"https:\/\/secure.gravatar.com\/avatar\/61d80805d8b255e6483eb57949727c5ec8c68890a8be108a3f0f1fc1e47f8130?s=96&d=retro&r=g","contentUrl":"https:\/\/secure.gravatar.com\/avatar\/61d80805d8b255e6483eb57949727c5ec8c68890a8be108a3f0f1fc1e47f8130?s=96&d=retro&r=g","caption":"Gil"},"sameAs":["https:\/\/www.gilpivert.fr\/"]}]}},"jetpack_featured_media_url":"https:\/\/i0.wp.com\/www.gilpivert.fr\/wp-content\/uploads\/2019\/06\/Irlande-2.jpg?fit=1200%2C900&ssl=1","jetpack_shortlink":"https:\/\/wp.me\/paTRHF-nd","jetpack_likes_enabled":false,"jetpack_sharing_enabled":true,"_links":{"self":[{"href":"https:\/\/www.gilpivert.fr\/index.php\/wp-json\/wp\/v2\/posts\/1439","targetHints":{"allow":["GET"]}}],"collection":[{"href":"https:\/\/www.gilpivert.fr\/index.php\/wp-json\/wp\/v2\/posts"}],"about":[{"href":"https:\/\/www.gilpivert.fr\/index.php\/wp-json\/wp\/v2\/types\/post"}],"author":[{"embeddable":true,"href":"https:\/\/www.gilpivert.fr\/index.php\/wp-json\/wp\/v2\/users\/1"}],"replies":[{"embeddable":true,"href":"https:\/\/www.gilpivert.fr\/index.php\/wp-json\/wp\/v2\/comments?post=1439"}],"version-history":[{"count":14,"href":"https:\/\/www.gilpivert.fr\/index.php\/wp-json\/wp\/v2\/posts\/1439\/revisions"}],"predecessor-version":[{"id":1646,"href":"https:\/\/www.gilpivert.fr\/index.php\/wp-json\/wp\/v2\/posts\/1439\/revisions\/1646"}],"wp:featuredmedia":[{"embeddable":true,"href":"https:\/\/www.gilpivert.fr\/index.php\/wp-json\/wp\/v2\/media\/1480"}],"wp:attachment":[{"href":"https:\/\/www.gilpivert.fr\/index.php\/wp-json\/wp\/v2\/media?parent=1439"}],"wp:term":[{"taxonomy":"category","embeddable":true,"href":"https:\/\/www.gilpivert.fr\/index.php\/wp-json\/wp\/v2\/categories?post=1439"},{"taxonomy":"post_tag","embeddable":true,"href":"https:\/\/www.gilpivert.fr\/index.php\/wp-json\/wp\/v2\/tags?post=1439"}],"curies":[{"name":"wp","href":"https:\/\/api.w.org\/{rel}","templated":true}]}}